{"id":15805,"date":"2025-08-04T16:32:08","date_gmt":"2025-08-04T16:32:08","guid":{"rendered":"https:\/\/www.europesays.com\/pt\/15805\/"},"modified":"2025-08-04T16:32:08","modified_gmt":"2025-08-04T16:32:08","slug":"musk-em-crise-nem-por-isso-vai-receber-29-mil-milhoes-num-so-cheque","status":"publish","type":"post","link":"https:\/\/www.europesays.com\/pt\/15805\/","title":{"rendered":"Musk em crise? Nem por isso, vai receber 29 mil milh\u00f5es num s\u00f3 cheque"},"content":{"rendered":"<p>\t                Sem receber uma &#8220;compensa\u00e7\u00e3o significativa&#8221; h\u00e1 oito anos, o dono da Tesla vai agora ser recompensado<\/p>\n<p>O conselho de administra\u00e7\u00e3o da Tesla vai dar ao CEO Elon Musk mais um dia de sal\u00e1rio chorudo.<\/p>\n<p>O mais recente pacote de remunera\u00e7\u00e3o do CEO da empresa, no valor de cerca de 29 mil milh\u00f5es de d\u00f3lares, surge v\u00e1rios meses depois de um tribunal do Delaware ter rejeitado pela segunda vez o pr\u00e9mio de desempenho de Musk em 2018, na sequ\u00eancia de um processo judicial movido por acionistas. Musk est\u00e1 atualmente a recorrer da decis\u00e3o.<\/p>\n<p>Numa carta aos acionistas enviada esta segunda-feira, a Tesla disse que Musk \u201cn\u00e3o recebeu uma compensa\u00e7\u00e3o significativa por oito anos\u201d e que os seus \u201cesfor\u00e7os legais continuam\u201d para restabelecer o pacote de pagamento de 2018, acrescentando que \u201cn\u00e3o h\u00e1 um cronograma claro para a resolu\u00e7\u00e3o\u201d.<\/p>\n<p>O pacote daria a Musk 96 milh\u00f5es de a\u00e7\u00f5es da Tesla, cada uma das quais \u00e9 negociada a pouco mais de 300 d\u00f3lares. Musk teria de pagar 23,34 d\u00f3lares por cada uma dessas a\u00e7\u00f5es, igual ao valor que deveria pagar quando recebeu o pacote de remunera\u00e7\u00e3o de 2018.<\/p>\n<p>\u201cApesar destes desafios legais, podemos todos concordar que Elon apresentou o crescimento transformador e sem precedentes que era necess\u00e1rio para ganhar todos os marcos do Pr\u00e9mio de Desempenho de CEO de 2018\u201d, escreveram os membros do conselho Robyn Denholm e Kathleen Wilson-Thompson. \u201cEsse crescimento traduziu-se em imenso valor gerado para a Tesla e todos os nossos acionistas.\u201d<\/p>\n<p>Musk n\u00e3o recebe um sal\u00e1rio ou b\u00f3nus em dinheiro por trabalhar na Tesla. Em vez disso, Musk, uma das pessoas mais ricas do mundo, ganha dinheiro atrav\u00e9s de pacotes lucrativos de op\u00e7\u00f5es de compra de a\u00e7\u00f5es que lhe permitem adquirir milh\u00f5es de a\u00e7\u00f5es da Tesla por uma fra\u00e7\u00e3o do seu pre\u00e7o de mercado. Musk \u00e9 o maior acionista individual da Tesla &#8211; possui cerca de 13% da empresa.<\/p>\n<p>No entanto, o CEO suscitou a ira de muitos acionistas no ano passado e no in\u00edcio de 2025, quando mudou o seu foco para a pol\u00edtica, gastando enormes somas de dinheiro e tempo a tentar fazer com que os candidatos republicanos fossem eleitos para o cargo. Musk foi largamente bem sucedido nos seus esfor\u00e7os, mas a entrada na pol\u00edtica saiu pela culatra \u00e0 Tesla.<\/p>\n<p>Os opositores pol\u00edticos t\u00eam protestado nos concession\u00e1rios da Tesla ao longo do ano, e as vendas da empresa t\u00eam vindo a registar uma queda acentuada. A agenda de pol\u00edtica interna do presidente Donald Trump tamb\u00e9m retira da Tesla e de outros fabricantes de ve\u00edculos el\u00e9tricos incentivos fiscais para vendas de ve\u00edculos e cr\u00e9ditos regulat\u00f3rios de outras fabricantes &#8211; um dos principais impulsionadores da receita da Tesla.<\/p>\n<p>As a\u00e7\u00f5es da Tesla (TSLA) ca\u00edram 25% este ano. A a\u00e7\u00e3o subiu quase 3% nas negocia\u00e7\u00f5es pr\u00e9-mercado.<\/p>\n<p>No entanto, Musk disse recentemente que regressaria \u00e0s suas empresas a tempo inteiro &#8211; uma exig\u00eancia que muitos acionistas tinham feito ao CEO, dado o seu consider\u00e1vel historial de sucesso no passado. O pacote salarial desta segunda-feira mant\u00e9m Musk \u00e0 frente da empresa em dificuldades.<\/p>\n<p>Musk tentou recentemente refazer a Tesla, concentrando a empresa na Intelig\u00eancia Artificial e na rob\u00f3tica, afastando-se da sua depend\u00eancia das vendas de autom\u00f3veis.<\/p>\n<p>\u201cPor meio da vis\u00e3o e lideran\u00e7a \u00fanicas de Elon, a Tesla est\u00e1 a fazer a transi\u00e7\u00e3o do seu papel como l\u00edder nas ind\u00fastrias de ve\u00edculos el\u00e9tricos e energia renov\u00e1vel para crescer e se tornar um l\u00edder em Intelig\u00eancia Artificial, rob\u00f3tica e servi\u00e7os relacionados\u201d, escreveu a dupla.<\/p>\n<p>A Tesla est\u00e1 atualmente a meio do lan\u00e7amento do seu muito publicitado servi\u00e7o de robot\u00e1xi, embora de uma forma muito mais reduzida do que Musk prometeu h\u00e1 alguns anos.<\/p>\n","protected":false},"excerpt":{"rendered":"Sem receber uma &#8220;compensa\u00e7\u00e3o significativa&#8221; h\u00e1 oito anos, o dono da Tesla vai agora ser recompensado O conselho&hellip;\n","protected":false},"author":2,"featured_media":15806,"comment_status":"","ping_status":"","sticky":false,"template":"","format":"standard","meta":{"footnotes":""},"categories":[83],"tags":[609,836,611,27,88,607,608,333,832,604,135,1359,610,476,89,584,90,301,830,603,570,831,833,62,834,13,835,602,52,32,3304,33,296,29],"class_list":{"0":"post-15805","1":"post","2":"type-post","3":"status-publish","4":"format-standard","5":"has-post-thumbnail","7":"category-empresas","8":"tag-alerta","9":"tag-analise","10":"tag-ao-minuto","11":"tag-breaking-news","12":"tag-business","13":"tag-cnn","14":"tag-cnn-portugal","15":"tag-comentadores","16":"tag-costa","17":"tag-crime","18":"tag-desporto","19":"tag-dinheiro","20":"tag-direto","21":"tag-economia","22":"tag-economy","23":"tag-elon-musk","24":"tag-empresas","25":"tag-governo","26":"tag-guerra","27":"tag-justica","28":"tag-live","29":"tag-mais-vistas","30":"tag-marcelo","31":"tag-mundo","32":"tag-negocios","33":"tag-noticias","34":"tag-opiniao","35":"tag-pais","36":"tag-politica","37":"tag-portugal","38":"tag-premio","39":"tag-pt","40":"tag-tesla","41":"tag-ultimas"},"share_on_mastodon":{"url":"","error":""},"_links":{"self":[{"href":"https:\/\/www.europesays.com\/pt\/wp-json\/wp\/v2\/posts\/15805","targetHints":{"allow":["GET"]}}],"collection":[{"href":"https:\/\/www.europesays.com\/pt\/wp-json\/wp\/v2\/posts"}],"about":[{"href":"https:\/\/www.europesays.com\/pt\/wp-json\/wp\/v2\/types\/post"}],"author":[{"embeddable":true,"href":"https:\/\/www.europesays.com\/pt\/wp-json\/wp\/v2\/users\/2"}],"replies":[{"embeddable":true,"href":"https:\/\/www.europesays.com\/pt\/wp-json\/wp\/v2\/comments?post=15805"}],"version-history":[{"count":0,"href":"https:\/\/www.europesays.com\/pt\/wp-json\/wp\/v2\/posts\/15805\/revisions"}],"wp:featuredmedia":[{"embeddable":true,"href":"https:\/\/www.europesays.com\/pt\/wp-json\/wp\/v2\/media\/15806"}],"wp:attachment":[{"href":"https:\/\/www.europesays.com\/pt\/wp-json\/wp\/v2\/media?parent=15805"}],"wp:term":[{"taxonomy":"category","embeddable":true,"href":"https:\/\/www.europesays.com\/pt\/wp-json\/wp\/v2\/categories?post=15805"},{"taxonomy":"post_tag","embeddable":true,"href":"https:\/\/www.europesays.com\/pt\/wp-json\/wp\/v2\/tags?post=15805"}],"curies":[{"name":"wp","href":"https:\/\/api.w.org\/{rel}","templated":true}]}}