{"id":158055,"date":"2025-11-19T20:07:16","date_gmt":"2025-11-19T20:07:16","guid":{"rendered":"https:\/\/www.europesays.com\/pt\/158055\/"},"modified":"2025-11-19T20:07:16","modified_gmt":"2025-11-19T20:07:16","slug":"sociais-democratas-perdem-a-camara-de-copenhaga-pela-primeira-vez-em-mais-de-100-anos-dinamarca","status":"publish","type":"post","link":"https:\/\/www.europesays.com\/pt\/158055\/","title":{"rendered":"Sociais-democratas perdem a c\u00e2mara de Copenhaga pela primeira vez em mais de 100 anos | Dinamarca"},"content":{"rendered":"<p>O Partido Social-Democrata dinamarqu\u00eas, da primeira-ministra Mette Frederiksen, sofreu grandes perdas, nesta ter\u00e7a-feira, nas elei\u00e7\u00f5es aut\u00e1rquicas e locais. Entre elas, conta-se o controlo da c\u00e2mara da capital, que, pela primeira vez num s\u00e9culo, deixou de estar nas m\u00e3os dos sociais-democratas.<\/p>\n<p>O partido de centro-esquerda continua a ser o mais votado em todo o pa\u00eds, mas com perdas a registar: dos 28,4% dos votos das \u00faltimas aut\u00e1rquicas, em 2021, passou para 23,2%, menos cinco pontos percentuais.<\/p>\n<p>Foi uma prenda envenenada para a primeira-ministra \u2014 e logo na v\u00e9spera do seu <a href=\"https:\/\/www.politico.eu\/article\/danish-pm-mette-frederiksen-takes-responsibility-party-local-elections-debacle\/\" target=\"_blank\" rel=\"nofollow noopener\">anivers\u00e1rio<\/a> \u2014, que n\u00e3o escondeu a desilus\u00e3o nem se esquivou \u00e0 responsabilidade. \u201cEsper\u00e1vamos perdas, mas isto parece ser maior do que esper\u00e1mos\u201d, afirmou, perante os eleitores do partido, num evento em Copenhaga. \u201cIsso, obviamente, n\u00e3o \u00e9 satisfat\u00f3rio\u201d, disse. \u201cVamos ter de avaliar o que pode estar detr\u00e1s.\u201d<\/p>\n<p>Frederiksen ensaiou algumas explica\u00e7\u00f5es poss\u00edveis \u2014 o aumento do custo de vida e da habita\u00e7\u00e3o, e diferen\u00e7as muito marcadas entre os eleitores rurais e urbanos \u2014, mas os analistas acrescentam-lhe outras, como o discurso mais duro que tem adoptado em mat\u00e9ria de <a href=\"https:\/\/www.publico.pt\/2025\/06\/05\/mundo\/noticia\/dinamarca-quer-alargar-proibicao-uso-veu-integral-escolas-universidades-2135711\" target=\"_blank\" rel=\"nofollow noopener\">imigra\u00e7\u00e3o<\/a> (falando, por exemplo, em crimes cometidos por \u201cpessoas de fora\u201d), o que provocou uma sensa\u00e7\u00e3o de fadiga junto do eleitorado. Estas elei\u00e7\u00f5es, apesar de locais, foram vistas como um referendo \u00e0s pol\u00edticas pol\u00e9micas da primeira-ministra.<\/p>\n<p>Em todo o pa\u00eds, o apoio ao partido de extrema-direita, o Dansk Folkeparti (Partido Popular dinamarqu\u00eas), aumentou de 4,09% para 5,9%.<\/p>\n<p>        &#13;<\/p>\n<p>&#13;<br \/>\n                &#13;\n            <\/p>\n<p>&#13;<\/p>\n<p>Copenhaga foi um dos grandes reveses da noite para o partido. Pela primeira vez em 122 anos, a cidade n\u00e3o vai ser liderada por um social-democrata. E n\u00e3o s\u00f3 n\u00e3o a ganharam como ficaram em terceiro lugar, atr\u00e1s de dois partidos de esquerda.<\/p>\n<p>Vai ser Sisse Marie Welling, candidata da Esquerda Verde (nome internacional, em dinamarqu\u00eas o partido ainda usa a denomina\u00e7\u00e3o Partido Popular Socialista), o segundo partido mais votado desta corrida, a autarca de Copenhaga. A Alian\u00e7a Vermelha e Verde, que junta v\u00e1rios partidos comunistas e socialistas, conseguiu a maior fatia dos votos na capital, 22,1% (e 15 assentos no Conselho Municipal), e decidiu apoi\u00e1-la, depois de v\u00e1rias horas de discuss\u00f5es.<\/p>\n<p>N\u00e3o foi a vit\u00f3ria por larga margem que se antecipava, mas Welling afirmou aos jornalistas que vai liderar uma \u201cmaioria verde e progressista\u201d e n\u00e3o hesitou ao descrever a elei\u00e7\u00e3o como \u201cum cap\u00edtulo da hist\u00f3ria\u201d.<\/p>\n<p>J\u00e1 a candidata apoiada pelos sociais-democratas, Pernille Rosenkrantz-Theil, n\u00e3o escondeu a desilus\u00e3o: \u201cFiz o que pude.\u201d A amiga e primeira escolha da primeira-ministra disse aos jornalistas que foi \u201ccompletamente imposs\u00edvel\u201d conseguir o lugar que almejava. \u201cPerdemos Copenhaga.\u201d<\/p>\n<p>\u00c9 um golpe simb\u00f3lico para a primeira-ministra, que al\u00e9m da capital perdeu outros redutos do partido, como Frederikshavn, onde o apoio caiu para metade do que era nas \u00faltimas elei\u00e7\u00f5es. \u00c9 a segunda vez desde as <a href=\"https:\/\/www.publico.pt\/2022\/11\/01\/mundo\/noticia\/centroesquerda-perde-maioria-parlamentar-dinamarca-2026125\" target=\"_blank\" rel=\"nofollow noopener\">elei\u00e7\u00f5es legislativas de 2022<\/a> que o Partido Social-Democrata perde votos.<\/p>\n<p>\u201c\u00c9 uma grande derrota para o partido perder tantos basti\u00f5es, incluindo Copenhaga\u201d, afirma Peter Thisted Dinesen, professor de Ci\u00eancia Pol\u00edtica na Universidade de Copenhaga, ao<a href=\"https:\/\/www.theguardian.com\/world\/2025\/nov\/19\/denmark-social-democrats-suffer-election-losses-mette-frederiksen\" target=\"_blank\" rel=\"nofollow noopener\"> The Guardian<\/a>. \u201c\u00c9 improv\u00e1vel que ameace Frederiksen enquanto primeira-ministra, mas vai alimentar an\u00e1lises e discuss\u00f5es sobre as causas.\u201d<\/p>\n","protected":false},"excerpt":{"rendered":"O Partido Social-Democrata dinamarqu\u00eas, da primeira-ministra Mette Frederiksen, sofreu grandes perdas, nesta ter\u00e7a-feira, nas elei\u00e7\u00f5es aut\u00e1rquicas e locais.&hellip;\n","protected":false},"author":2,"featured_media":158056,"comment_status":"","ping_status":"","sticky":false,"template":"","format":"standard","meta":{"footnotes":""},"categories":[50],"tags":[27,28,14840,4639,2258,445,15,16,14,25,26,21,22,62,12,13,19,20,542,23,24,17,18,29,30,31,63,64,65],"class_list":{"0":"post-158055","1":"post","2":"type-post","3":"status-publish","4":"format-standard","5":"has-post-thumbnail","7":"category-mundo","8":"tag-breaking-news","9":"tag-breakingnews","10":"tag-copenhaga","11":"tag-dinamarca","12":"tag-eleicoes","13":"tag-europa","14":"tag-featured-news","15":"tag-featurednews","16":"tag-headlines","17":"tag-latest-news","18":"tag-latestnews","19":"tag-main-news","20":"tag-mainnews","21":"tag-mundo","22":"tag-news","23":"tag-noticias","24":"tag-noticias-principais","25":"tag-noticiasprincipais","26":"tag-para-redes","27":"tag-principais-noticias","28":"tag-principaisnoticias","29":"tag-top-stories","30":"tag-topstories","31":"tag-ultimas","32":"tag-ultimas-noticias","33":"tag-ultimasnoticias","34":"tag-world","35":"tag-world-news","36":"tag-worldnews"},"share_on_mastodon":{"url":"https:\/\/pubeurope.com\/@pt\/115578171845395714","error":""},"_links":{"self":[{"href":"https:\/\/www.europesays.com\/pt\/wp-json\/wp\/v2\/posts\/158055","targetHints":{"allow":["GET"]}}],"collection":[{"href":"https:\/\/www.europesays.com\/pt\/wp-json\/wp\/v2\/posts"}],"about":[{"href":"https:\/\/www.europesays.com\/pt\/wp-json\/wp\/v2\/types\/post"}],"author":[{"embeddable":true,"href":"https:\/\/www.europesays.com\/pt\/wp-json\/wp\/v2\/users\/2"}],"replies":[{"embeddable":true,"href":"https:\/\/www.europesays.com\/pt\/wp-json\/wp\/v2\/comments?post=158055"}],"version-history":[{"count":0,"href":"https:\/\/www.europesays.com\/pt\/wp-json\/wp\/v2\/posts\/158055\/revisions"}],"wp:featuredmedia":[{"embeddable":true,"href":"https:\/\/www.europesays.com\/pt\/wp-json\/wp\/v2\/media\/158056"}],"wp:attachment":[{"href":"https:\/\/www.europesays.com\/pt\/wp-json\/wp\/v2\/media?parent=158055"}],"wp:term":[{"taxonomy":"category","embeddable":true,"href":"https:\/\/www.europesays.com\/pt\/wp-json\/wp\/v2\/categories?post=158055"},{"taxonomy":"post_tag","embeddable":true,"href":"https:\/\/www.europesays.com\/pt\/wp-json\/wp\/v2\/tags?post=158055"}],"curies":[{"name":"wp","href":"https:\/\/api.w.org\/{rel}","templated":true}]}}