{"id":158059,"date":"2025-11-19T20:09:33","date_gmt":"2025-11-19T20:09:33","guid":{"rendered":"https:\/\/www.europesays.com\/pt\/158059\/"},"modified":"2025-11-19T20:09:33","modified_gmt":"2025-11-19T20:09:33","slug":"o-mirante-morreu-octavio-de-oliveira-presidente-do-instituto-da-seguranca-social","status":"publish","type":"post","link":"https:\/\/www.europesays.com\/pt\/158059\/","title":{"rendered":"O MIRANTE | Morreu Oct\u00e1vio de Oliveira, presidente do Instituto da Seguran\u00e7a Social"},"content":{"rendered":"<p> O presidente do Instituto da Seguran\u00e7a Social (ISS), Oct\u00e1vio Oliveira, morreu esta ter\u00e7a-feira 18 de Novembro, aos 65 anos, confirmou a O MIRANTE fonte da Seguran\u00e7a Social. Desempenhava o cargo, para o qual foi nomeado pelo Minist\u00e9rio do Trabalho, Solidariedade e Seguran\u00e7a Social, desde Junho de 2024. <\/p>\n<p> Oct\u00e1vio Oliveira nasceu em Tramagal, concelho de Abrantes, e residia em Torres Novas. Foi quadro superior do Instituto de Emprego e Forma\u00e7\u00e3o Profissional e Secret\u00e1rio de Estado do Emprego em dois Governos constitucionais, para al\u00e9m de ter sido director do Centro de Forma\u00e7\u00e3o Profissional da Ind\u00fastria Electr\u00f3nica, Energia, Telecomunica\u00e7\u00f5es e Tecnologias de Informa\u00e7\u00e3o. Oct\u00e1vio de Oliveira entrou como t\u00e9cnico superior no IEFP em 1987, onde desempenhou v\u00e1rias fun\u00e7\u00f5es de direc\u00e7\u00e3o, quer no seu n\u00facleo central quer nos centros regionais. Foi tamb\u00e9m director do Centro de Forma\u00e7\u00e3o Profissional para a Ind\u00fastria da Cer\u00e2mica nas Caldas da Rainha (2005-2011). <\/p>\n<p> Licenciado em Organiza\u00e7\u00e3o e Gest\u00e3o de Empresas pelo Instituto Superior de Economia, da Universidade T\u00e9cnica de Lisboa, desempenhou ao longo da sua vida profissional fun\u00e7\u00f5es docentes como assistente estagi\u00e1rio no Instituto Universit\u00e1rio da Beira Interior, de 1985 a 1987, e na Escola Superior de Gest\u00e3o do Instituto Polit\u00e9cnico de Santar\u00e9m, em 1994, 1997 e 1998. <\/p>\n<p> Em entrevista a O MIRANTE, em 2017, Oct\u00e1vio de Oliveira confessou ser um apreciador de boa comida e bons vinhos e sobretudo do conv\u00edvio com amigos. Farto de estar dependente de terceiros por n\u00e3o saber cozinhar decidiu aprender. \u201cGosto muito de comer. Aprecio muito a boa comida. N\u00e3o s\u00f3 a subst\u00e2ncia mas o enquadramento cultural. O conv\u00edvio com os amigos. Aprecio tamb\u00e9m um bom vinho adequado ao prato que se come\u201d, explicou, acrescentando: \u201ccultivar a autonomia \u00e9 importante, embora tamb\u00e9m seja importante haver alguma depend\u00eancia nossa dos outros e dos outros de n\u00f3s. Assim \u00e9 que se fazem as redes\u201d, disse. <\/p>\n","protected":false},"excerpt":{"rendered":"O presidente do Instituto da Seguran\u00e7a Social (ISS), Oct\u00e1vio Oliveira, morreu esta ter\u00e7a-feira 18 de Novembro, aos 65&hellip;\n","protected":false},"author":2,"featured_media":158060,"comment_status":"","ping_status":"","sticky":false,"template":"","format":"standard","meta":{"footnotes":""},"categories":[8],"tags":[27,28,15,16,14,6569,6568,25,26,21,22,12,13,19,20,32,23,24,33,3551,5314,17,18,29,30,31],"class_list":{"0":"post-158059","1":"post","2":"type-post","3":"status-publish","4":"format-standard","5":"has-post-thumbnail","7":"category-principais-noticias","8":"tag-breaking-news","9":"tag-breakingnews","10":"tag-featured-news","11":"tag-featurednews","12":"tag-headlines","13":"tag-jornal-regional","14":"tag-jornalismo-de-proximidade","15":"tag-latest-news","16":"tag-latestnews","17":"tag-main-news","18":"tag-mainnews","19":"tag-news","20":"tag-noticias","21":"tag-noticias-principais","22":"tag-noticiasprincipais","23":"tag-portugal","24":"tag-principais-noticias","25":"tag-principaisnoticias","26":"tag-pt","27":"tag-regiao","28":"tag-ribatejo","29":"tag-top-stories","30":"tag-topstories","31":"tag-ultimas","32":"tag-ultimas-noticias","33":"tag-ultimasnoticias"},"share_on_mastodon":{"url":"https:\/\/pubeurope.com\/@pt\/115578179766508768","error":""},"_links":{"self":[{"href":"https:\/\/www.europesays.com\/pt\/wp-json\/wp\/v2\/posts\/158059","targetHints":{"allow":["GET"]}}],"collection":[{"href":"https:\/\/www.europesays.com\/pt\/wp-json\/wp\/v2\/posts"}],"about":[{"href":"https:\/\/www.europesays.com\/pt\/wp-json\/wp\/v2\/types\/post"}],"author":[{"embeddable":true,"href":"https:\/\/www.europesays.com\/pt\/wp-json\/wp\/v2\/users\/2"}],"replies":[{"embeddable":true,"href":"https:\/\/www.europesays.com\/pt\/wp-json\/wp\/v2\/comments?post=158059"}],"version-history":[{"count":0,"href":"https:\/\/www.europesays.com\/pt\/wp-json\/wp\/v2\/posts\/158059\/revisions"}],"wp:featuredmedia":[{"embeddable":true,"href":"https:\/\/www.europesays.com\/pt\/wp-json\/wp\/v2\/media\/158060"}],"wp:attachment":[{"href":"https:\/\/www.europesays.com\/pt\/wp-json\/wp\/v2\/media?parent=158059"}],"wp:term":[{"taxonomy":"category","embeddable":true,"href":"https:\/\/www.europesays.com\/pt\/wp-json\/wp\/v2\/categories?post=158059"},{"taxonomy":"post_tag","embeddable":true,"href":"https:\/\/www.europesays.com\/pt\/wp-json\/wp\/v2\/tags?post=158059"}],"curies":[{"name":"wp","href":"https:\/\/api.w.org\/{rel}","templated":true}]}}