{"id":158063,"date":"2025-11-19T20:13:15","date_gmt":"2025-11-19T20:13:15","guid":{"rendered":"https:\/\/www.europesays.com\/pt\/158063\/"},"modified":"2025-11-19T20:13:15","modified_gmt":"2025-11-19T20:13:15","slug":"casa-dos-segredos-familia-consegue-passar-mensagem-a-liliana-e-voz-agiu-ate-ordem-em-contrario","status":"publish","type":"post","link":"https:\/\/www.europesays.com\/pt\/158063\/","title":{"rendered":"Casa dos Segredos &#8211; Fam\u00edlia consegue passar mensagem a Liliana e voz agiu: &#8220;At\u00e9 ordem em contr\u00e1rio&#8230;&#8221;"},"content":{"rendered":"<p>Depois de, na gala anterior, ter recebido uma carta in\u00e9dita da fam\u00edlia, <strong>Liliana\u00a0<\/strong>foi novamente <a href=\"https:\/\/www.novagente.pt\/casa-dos-segredos-liliana-recebe-contacto-da-familia-amor-tambem-precisa-de-espaco\" rel=\"nofollow noopener\" target=\"_blank\">surpreendida pela fam\u00edlia,<\/a> que parece determinada em demonstrar que se encontra ao seu lado e a apoia.<\/p>\n<p>Durante a tarde, enquanto alguns participantes aproveitavam o sol junto \u00e0 piscina, Liliana reparou que um avi\u00e3o sobrevoava a casa na Malveira com uma mensagem dirigida a si. A faixa dizia:<strong> \u201cLiana fam\u00edlia, amigos e f\u00e3s. Contigo at\u00e9 \u00e0 final\u201c<\/strong>, um gesto que deixou a concorrente radiante e em \u00eaxtase.<\/p>\n<p>Contudo, como \u00e9 estritamente proibido aos moradores terem acesso a qualquer tipo de comunica\u00e7\u00e3o exterior, a Voz interveio de imediato: \u201c<strong>Dirijam-se ao interior da casa e mantenham as portas fechadas at\u00e9 ordem em contr\u00e1rio\u201c<\/strong>, ordenou, pondo fim ao momento de entusiasmo.<\/p>\n<p>A mensagem chega numa fase particularmente delicada para Liliana.\u00a0A concorrente enfrentou duras cr\u00edticas ap\u00f3s ter tra\u00eddo <strong>Z\u00e9<\/strong>, com quem mantinha uma rela\u00e7\u00e3o de quatro anos e prepara\u00e7\u00e3o para casamento,\u00a0e assumir posteriormente sentimentos por<strong> F\u00e1bio.<\/strong>\u00a0<br \/>\u00a0<\/p>\n<blockquote class=\"instagram-media\" data-instgrm-captioned=\"\" data-instgrm-permalink=\"https:\/\/www.instagram.com\/reel\/DRM5HDyDE3j\/?utm_source=ig_embed&amp;utm_campaign=loading\" data-instgrm-version=\"14\" style=\" background:#FFF; border:0; border-radius:3px; box-shadow:0 0 1px 0 rgba(0,0,0,0.5),0 1px 10px 0 rgba(0,0,0,0.15); margin: 1px; max-width:540px; min-width:326px; padding:0; width:99.375%; width:-webkit-calc(100% - 2px); width:calc(100% - 2px);\"><\/blockquote>\n<p>\u00a0<\/p>\n<p>Texto: Tiago Miguel Sim\u00f5es; Fotos: DR<\/p>\n<p>\u00a0<\/p>\n<p>\u00a0<\/p>\n<p class=\"intagram-text\">Siga a Nova Gente no Instagram<\/p>\n<p>                        <a href=\"https:\/\/www.instagram.com\/revistanovagente\/\" target=\"_blank\" aria-label=\"instagram\" rel=\"noopener nofollow\"><img decoding=\"async\" style=\"display: block; margin-left: auto; margin-right: auto; width: 250px; height: 83px;\" src=\"https:\/\/www.europesays.com\/pt\/wp-content\/uploads\/2025\/11\/Instagram_NG.png\" alt=\"instagram\"\/><\/a><br \/>\n                    <script async src=\"\/\/www.instagram.com\/embed.js\"><\/script><\/p>\n","protected":false},"excerpt":{"rendered":"Depois de, na gala anterior, ter recebido uma carta in\u00e9dita da fam\u00edlia, Liliana\u00a0foi novamente surpreendida pela fam\u00edlia, que&hellip;\n","protected":false},"author":2,"featured_media":158064,"comment_status":"","ping_status":"","sticky":false,"template":"","format":"standard","meta":{"footnotes":""},"categories":[142],"tags":[2632,114,115,19082,19016,32,33,151,162],"class_list":{"0":"post-158063","1":"post","2":"type-post","3":"status-publish","4":"format-standard","5":"has-post-thumbnail","7":"category-tv","8":"tag-casa-dos-segredos","9":"tag-entertainment","10":"tag-entretenimento","11":"tag-fabio","12":"tag-liliana","13":"tag-portugal","14":"tag-pt","15":"tag-tv","16":"tag-tvi"},"share_on_mastodon":{"url":"https:\/\/pubeurope.com\/@pt\/115578195923026169","error":""},"_links":{"self":[{"href":"https:\/\/www.europesays.com\/pt\/wp-json\/wp\/v2\/posts\/158063","targetHints":{"allow":["GET"]}}],"collection":[{"href":"https:\/\/www.europesays.com\/pt\/wp-json\/wp\/v2\/posts"}],"about":[{"href":"https:\/\/www.europesays.com\/pt\/wp-json\/wp\/v2\/types\/post"}],"author":[{"embeddable":true,"href":"https:\/\/www.europesays.com\/pt\/wp-json\/wp\/v2\/users\/2"}],"replies":[{"embeddable":true,"href":"https:\/\/www.europesays.com\/pt\/wp-json\/wp\/v2\/comments?post=158063"}],"version-history":[{"count":0,"href":"https:\/\/www.europesays.com\/pt\/wp-json\/wp\/v2\/posts\/158063\/revisions"}],"wp:featuredmedia":[{"embeddable":true,"href":"https:\/\/www.europesays.com\/pt\/wp-json\/wp\/v2\/media\/158064"}],"wp:attachment":[{"href":"https:\/\/www.europesays.com\/pt\/wp-json\/wp\/v2\/media?parent=158063"}],"wp:term":[{"taxonomy":"category","embeddable":true,"href":"https:\/\/www.europesays.com\/pt\/wp-json\/wp\/v2\/categories?post=158063"},{"taxonomy":"post_tag","embeddable":true,"href":"https:\/\/www.europesays.com\/pt\/wp-json\/wp\/v2\/tags?post=158063"}],"curies":[{"name":"wp","href":"https:\/\/api.w.org\/{rel}","templated":true}]}}