{"id":158065,"date":"2025-11-19T20:14:26","date_gmt":"2025-11-19T20:14:26","guid":{"rendered":"https:\/\/www.europesays.com\/pt\/158065\/"},"modified":"2025-11-19T20:14:26","modified_gmt":"2025-11-19T20:14:26","slug":"dee-snider-explica-o-que-o-fez-mudar-de-ideia-e-reunir-o-twisted-sister","status":"publish","type":"post","link":"https:\/\/www.europesays.com\/pt\/158065\/","title":{"rendered":"Dee Snider explica o que o fez mudar de ideia e reunir o Twisted Sister"},"content":{"rendered":"<p><a href=\"https:\/\/whiplash.net\/materias\/news_679\/372643-twistedsister.html\" rel=\"nofollow noopener\" target=\"_blank\">A banda Twisted Sister, que estava inativa desde 2016, voltar\u00e1 aos palcos no pr\u00f3ximo ano.<\/a> O an\u00fancio surpreendeu f\u00e3s e cr\u00edtica, em parte porque o vocalista Dee Snider afirmou diversas vezes que a banda n\u00e3o retomaria as atividades.<\/p>\n<p>O tempo passou e Dee mudou de ideia. Durante recente participa\u00e7\u00e3o no programa Steve and Rik&#8217;s Potcast (via <a href=\"https:\/\/www.guitarplayer.com\/music\/i-had-a-little-bit-of-a-health-scare-im-like-do-i-wanna-go-out-silently-or-do-i-wanna-go-kicking-and-screaming-dee-snider-on-why-he-got-twisted-sister-back-together-against-all-odds\" rel=\"nofollow noopener\" target=\"_blank\">Guitar Player<\/a>), ele contou por quais raz\u00f5es decidiu reativar a banda que apresentou ao mundo os hinos &#8220;I Wanna Rock&#8221; e &#8220;We&#8217;re Not Gonna Take It&#8221;.<\/p>\n<p><a href=\"https:\/\/whiplash.net\/bandas\/t\/twistedsister.html\" class=\"linkBotao\" rel=\"nofollow noopener\" target=\"_blank\">Twisted Sister &#8211; Mais Novidades<\/a><\/p>\n<p>CONTINUA DEPOIS DA PUBLICIDADE &#8211; CLI<\/p>\n<p>&#13;<br \/>\n&#13;<br \/>\n&#13;<br \/>\n&#13;<br \/>\n&#13;<br \/>\n&#13;<br \/>\n&#13;<br \/>\n&#13;<br \/>\n<a href=\"https:\/\/whiplash.net\/materias\/whiplash\/027002.html\" rel=\"nofollow noopener\" target=\"_blank\"><img decoding=\"async\" src=\"https:\/\/www.europesays.com\/pt\/wp-content\/uploads\/2025\/10\/1760413028_813_anunciar_diabo_336x280.gif\" loading=\"lazy\" width=\"336\" height=\"280\" class=\"widthConstrained\" style=\"background-color:#000000;display:block;\" alt=\"Anunciar bandas e shows de Rock e Heavy Metal\"\/><\/a>&#13;<\/p>\n<p><a target=\"_blank\" href=\"https:\/\/www.europesays.com\/pt\/wp-content\/uploads\/2025\/11\/deesnider_napalm_records_5_napalm_records.jpg\"><img loading=\"lazy\" decoding=\"async\" src=\"https:\/\/www.europesays.com\/pt\/wp-content\/uploads\/2025\/11\/deesnider_napalm_records_5_napalm_records.jpg\" class=\"widthConstrained\" width=\"700\" height=\"526\" alt=\"Foto: Napalm Records\"\/><\/a>Foto: Napalm Records<\/p>\n<p>&#8220;Por que estou fazendo uma reuni\u00e3o com o Twisted Sister? Eu diria que foi ideia minha. Os caras [da banda] nem acreditaram que eu estava ligando. E isso teve a ver com&#8230; eu tive um pequeno susto com a sa\u00fade. Tudo ficou bem, mas foi o suficiente para me fazer dizer: &#8216;Uau, isso foi estranho&#8217;. Eu nunca precisei pensar nessas coisas antes.&#8221;<\/p>\n<p>O &#8220;susto&#8221; com a sa\u00fade fez Snider repensar as coisas: &#8220;Tenho 70 anos e penso: &#8216;Quero partir assim, silenciosamente, ou quero partir aos gritos e pontap\u00e9s?'&#8221;, disse o cantor, que revelou um pequeno arrependimento por ter &#8220;ressuscitado&#8221; o <a href=\"https:\/\/whiplash.net\/bandas\/t\/twistedsister.html\" class=\"hotwords\" rel=\"nofollow noopener\" target=\"_blank\">Twisted Sister<\/a>.<\/p>\n<p>CONTINUA DEPOIS DA PUBLICIDADE &#8211; GOO<\/p>\n<p>&#13;<br \/>\n&#13;<br \/>\n&#13;<br \/>\n&#13;<br \/>\n<a href=\"https:\/\/whiplash.net\/materias\/whiplash\/027002.html\" rel=\"nofollow noopener\" target=\"_blank\"><img decoding=\"async\" src=\"https:\/\/www.europesays.com\/pt\/wp-content\/uploads\/2025\/10\/1760413028_813_anunciar_diabo_336x280.gif\" loading=\"lazy\" width=\"336\" height=\"280\" alt=\"Anunciar no Whiplash.Net\"\/><\/a>&#13;<br \/>\n&#13;<br \/>\n&#13;<br \/>\n&#13;<br \/>\n&#13;<br \/>\n&#13;<br \/>\n<a href=\"https:\/\/whiplash.net\/materias\/whiplash\/027002.html\" rel=\"nofollow noopener\" target=\"_blank\"><img decoding=\"async\" src=\"https:\/\/www.europesays.com\/pt\/wp-content\/uploads\/2025\/10\/1760413028_813_anunciar_diabo_336x280.gif\" loading=\"lazy\" width=\"336\" height=\"280\" class=\"widthConstrained\" style=\"background-color:#000000;display:block;\" alt=\"Anunciar bandas e shows de Rock e Heavy Metal\"\/><\/a>&#13;<\/p>\n<p>&#8220;Mas\u2026 circunst\u00e2ncias emocionais me fizeram mudar de ideia. Estou me arrependendo? Um pouco agora, lamento dizer. Eu mando muito bem em quatro m\u00fasicas, mas 90 minutos, 75 minutos, 60 minutos\u2026 \u00e9 coisa demais.&#8221;<\/p>\n<p>A turn\u00ea que marca o retorno do <a href=\"https:\/\/whiplash.net\/bandas\/t\/twistedsister.html\" class=\"hotwords\" rel=\"nofollow noopener\" target=\"_blank\">Twisted Sister<\/a> passar\u00e1 pelo Brasil em 2026. Dee Snider e seus camaradas se apresentar\u00e3o no Bangers Open Air, que acontecer\u00e1 entre os dias 25 e 26 de abril, no Memorial da Am\u00e9rica Latina, em S\u00e3o Paulo.<\/p>\n<p>CONTINUA DEPOIS DA PUBLICIDADE &#8211; CLI<\/p>\n<p>&#13;<br \/>\n&#13;<br \/>\n&#13;<br \/>\n&#13;<br \/>\n&#13;<br \/>\n&#13;<br \/>\n&#13;<br \/>\n&#13;<br \/>\n<a href=\"https:\/\/whiplash.net\/materias\/whiplash\/027002.html\" rel=\"nofollow noopener\" target=\"_blank\"><img decoding=\"async\" src=\"https:\/\/www.europesays.com\/pt\/wp-content\/uploads\/2025\/10\/1760413028_813_anunciar_diabo_336x280.gif\" loading=\"lazy\" width=\"336\" height=\"280\" class=\"widthConstrained\" style=\"background-color:#000000;display:block;\" alt=\"Anunciar bandas e shows de Rock e Heavy Metal\"\/><\/a>&#13;<\/p>\n","protected":false},"excerpt":{"rendered":"A banda Twisted Sister, que estava inativa desde 2016, voltar\u00e1 aos palcos no pr\u00f3ximo ano. O an\u00fancio surpreendeu&hellip;\n","protected":false},"author":2,"featured_media":158066,"comment_status":"","ping_status":"","sticky":false,"template":"","format":"standard","meta":{"footnotes":""},"categories":[141],"tags":[114,115,149,150,32,33],"class_list":{"0":"post-158065","1":"post","2":"type-post","3":"status-publish","4":"format-standard","5":"has-post-thumbnail","7":"category-musica","8":"tag-entertainment","9":"tag-entretenimento","10":"tag-music","11":"tag-musica","12":"tag-portugal","13":"tag-pt"},"share_on_mastodon":{"url":"https:\/\/pubeurope.com\/@pt\/115578199670913207","error":""},"_links":{"self":[{"href":"https:\/\/www.europesays.com\/pt\/wp-json\/wp\/v2\/posts\/158065","targetHints":{"allow":["GET"]}}],"collection":[{"href":"https:\/\/www.europesays.com\/pt\/wp-json\/wp\/v2\/posts"}],"about":[{"href":"https:\/\/www.europesays.com\/pt\/wp-json\/wp\/v2\/types\/post"}],"author":[{"embeddable":true,"href":"https:\/\/www.europesays.com\/pt\/wp-json\/wp\/v2\/users\/2"}],"replies":[{"embeddable":true,"href":"https:\/\/www.europesays.com\/pt\/wp-json\/wp\/v2\/comments?post=158065"}],"version-history":[{"count":0,"href":"https:\/\/www.europesays.com\/pt\/wp-json\/wp\/v2\/posts\/158065\/revisions"}],"wp:featuredmedia":[{"embeddable":true,"href":"https:\/\/www.europesays.com\/pt\/wp-json\/wp\/v2\/media\/158066"}],"wp:attachment":[{"href":"https:\/\/www.europesays.com\/pt\/wp-json\/wp\/v2\/media?parent=158065"}],"wp:term":[{"taxonomy":"category","embeddable":true,"href":"https:\/\/www.europesays.com\/pt\/wp-json\/wp\/v2\/categories?post=158065"},{"taxonomy":"post_tag","embeddable":true,"href":"https:\/\/www.europesays.com\/pt\/wp-json\/wp\/v2\/tags?post=158065"}],"curies":[{"name":"wp","href":"https:\/\/api.w.org\/{rel}","templated":true}]}}