{"id":158071,"date":"2025-11-19T20:21:11","date_gmt":"2025-11-19T20:21:11","guid":{"rendered":"https:\/\/www.europesays.com\/pt\/158071\/"},"modified":"2025-11-19T20:21:11","modified_gmt":"2025-11-19T20:21:11","slug":"indonesia-eleva-para-alerta-maximo-vulcao-semeru-em-java-oriental-apos-erupcoes","status":"publish","type":"post","link":"https:\/\/www.europesays.com\/pt\/158071\/","title":{"rendered":"Indon\u00e9sia eleva para alerta m\u00e1ximo vulc\u00e3o Semeru em Java Oriental ap\u00f3s erup\u00e7\u00f5es"},"content":{"rendered":"<p><strong>As autoridades indon\u00e9sias elevaram esta quarta-feira para o n\u00edvel m\u00e1ximo o alerta para o vulc\u00e3o Semeru, em Java Oriental, a ilha mais populosa do pa\u00eds, ap\u00f3s v\u00e1rias erup\u00e7\u00f5es que lan\u00e7aram nuvens de cinza pelas encostas.<\/strong><\/p>\n<p>A Ag\u00eancia de Geologia da Indon\u00e9sia indicou que, at\u00e9 ao momento, <strong>n\u00e3o houve registo de v\u00edtimas e o vulc\u00e3o expeliu,<\/strong> <strong>desde o meio-dia at\u00e9 ao anoitecer, sucessivas avalanches de nuvens ardentes <\/strong>(fluxos pirocl\u00e1sticos) compostas por cinza, rocha, lava e gases, que percorreram at\u00e9 sete quil\u00f3metros e chegaram aos dois quil\u00f3metros de altura.<\/p>\n<p><strong>V\u00e1rias aldeias pr\u00f3ximas ficaram cobertas por cinza<\/strong>, levando as autoridades a aumentar em duas vezes o n\u00edvel de alerta ao longo do dia. Conhecido tamb\u00e9m como Mahameru, o Semeru \u00e9 um dos vulc\u00f5es mais ativos do pa\u00eds e registou m\u00faltiplas erup\u00e7\u00f5es nos \u00faltimos dois s\u00e9culos. <strong>Apesar dos riscos, dezenas de milhares de pessoas vivem nas encostas f\u00e9rteis do vulc\u00e3o.<\/strong><\/p>\n<p>A Indon\u00e9sia, com mais de 270 milh\u00f5es de habitantes, situa-se no chamado &#8220;anel de fogo&#8221; do Pac\u00edfico, uma zona de intensa atividade s\u00edsmica e vulc\u00e2nica, com 129 vulc\u00f5es ativos. <\/p>\n","protected":false},"excerpt":{"rendered":"As autoridades indon\u00e9sias elevaram esta quarta-feira para o n\u00edvel m\u00e1ximo o alerta para o vulc\u00e3o Semeru, em Java&hellip;\n","protected":false},"author":2,"featured_media":158072,"comment_status":"","ping_status":"","sticky":false,"template":"","format":"standard","meta":{"footnotes":""},"categories":[50],"tags":[27,28,15,16,14,25,26,21,22,62,12,13,19,20,23,24,17,18,29,30,31,63,64,65],"class_list":{"0":"post-158071","1":"post","2":"type-post","3":"status-publish","4":"format-standard","5":"has-post-thumbnail","7":"category-mundo","8":"tag-breaking-news","9":"tag-breakingnews","10":"tag-featured-news","11":"tag-featurednews","12":"tag-headlines","13":"tag-latest-news","14":"tag-latestnews","15":"tag-main-news","16":"tag-mainnews","17":"tag-mundo","18":"tag-news","19":"tag-noticias","20":"tag-noticias-principais","21":"tag-noticiasprincipais","22":"tag-principais-noticias","23":"tag-principaisnoticias","24":"tag-top-stories","25":"tag-topstories","26":"tag-ultimas","27":"tag-ultimas-noticias","28":"tag-ultimasnoticias","29":"tag-world","30":"tag-world-news","31":"tag-worldnews"},"share_on_mastodon":{"url":"https:\/\/pubeurope.com\/@pt\/115578226961489504","error":""},"_links":{"self":[{"href":"https:\/\/www.europesays.com\/pt\/wp-json\/wp\/v2\/posts\/158071","targetHints":{"allow":["GET"]}}],"collection":[{"href":"https:\/\/www.europesays.com\/pt\/wp-json\/wp\/v2\/posts"}],"about":[{"href":"https:\/\/www.europesays.com\/pt\/wp-json\/wp\/v2\/types\/post"}],"author":[{"embeddable":true,"href":"https:\/\/www.europesays.com\/pt\/wp-json\/wp\/v2\/users\/2"}],"replies":[{"embeddable":true,"href":"https:\/\/www.europesays.com\/pt\/wp-json\/wp\/v2\/comments?post=158071"}],"version-history":[{"count":0,"href":"https:\/\/www.europesays.com\/pt\/wp-json\/wp\/v2\/posts\/158071\/revisions"}],"wp:featuredmedia":[{"embeddable":true,"href":"https:\/\/www.europesays.com\/pt\/wp-json\/wp\/v2\/media\/158072"}],"wp:attachment":[{"href":"https:\/\/www.europesays.com\/pt\/wp-json\/wp\/v2\/media?parent=158071"}],"wp:term":[{"taxonomy":"category","embeddable":true,"href":"https:\/\/www.europesays.com\/pt\/wp-json\/wp\/v2\/categories?post=158071"},{"taxonomy":"post_tag","embeddable":true,"href":"https:\/\/www.europesays.com\/pt\/wp-json\/wp\/v2\/tags?post=158071"}],"curies":[{"name":"wp","href":"https:\/\/api.w.org\/{rel}","templated":true}]}}