{"id":158077,"date":"2025-11-19T20:27:12","date_gmt":"2025-11-19T20:27:12","guid":{"rendered":"https:\/\/www.europesays.com\/pt\/158077\/"},"modified":"2025-11-19T20:27:12","modified_gmt":"2025-11-19T20:27:12","slug":"liliana-pedro-e-leandro-disparam-criticas-no-almoco-especial-a-mascara-vai-cair-lhe-secret-story","status":"publish","type":"post","link":"https:\/\/www.europesays.com\/pt\/158077\/","title":{"rendered":"Liliana, Pedro e Leandro disparam cr\u00edticas no almo\u00e7o especial: \u00abA m\u00e1scara vai cair-lhe\u00bb &#8211; Secret Story"},"content":{"rendered":"<p data-end=\"417\" data-start=\"166\">Pedro, Leandro e Liliana foram eleitos os \u201celos mais fortes\u201d da casa e garantiram um almo\u00e7o especial. Enquanto o trio desfruta do pr\u00e9mio, Bruna, In\u00eas, Dylan e Bruno ficam a comentar \u00e0 dist\u00e2ncia, ironizando ao afirmar que Liliana \u00e9 um \u201cdoce de pessoa\u201d.<\/p>\n<p data-end=\"836\" data-start=\"419\">Durante o almo\u00e7o, Liliana admite que, juntamente com Leandro e Pedro, considera ser uma das concorrentes que mais contribui para a din\u00e2mica da casa. A concorrente aponta In\u00eas como a pessoa que menos acrescenta ao jogo, mas acredita que, por estar nomeada, vai esfor\u00e7ar-se por mostrar mais. Pedro concorda e refor\u00e7a que In\u00eas tem \u201cas costas quentes\u201d, mas avisa que isso poder\u00e1 prejudic\u00e1-la, porque \u201ca m\u00e1scara vai cair\u201d.<\/p>\n<p data-end=\"1152\" data-start=\"838\">Leandro aponta cr\u00edticas a Bruno, afirmando que o concorrente est\u00e1 a ser levado \u201ca reboque\u201d e condenando-o por n\u00e3o aceitar a diferen\u00e7a dos outros. Liliana acrescenta que sente o olhar de Bruno carregado de \u201cnojo\u201d. O trio recorda ainda a recente discuss\u00e3o entre F\u00e1bio e Dylan, concordando que Dylan \u00e9 um \u201crevoltado\u201d.<\/p>\n<p data-end=\"1260\" data-start=\"1154\">O almo\u00e7o acabou por se tornar um espa\u00e7o de desabafos e cr\u00edticas, refor\u00e7ando tens\u00f5es j\u00e1 instaladas na casa.<\/p>\n","protected":false},"excerpt":{"rendered":"Pedro, Leandro e Liliana foram eleitos os \u201celos mais fortes\u201d da casa e garantiram um almo\u00e7o especial. Enquanto&hellip;\n","protected":false},"author":2,"featured_media":158078,"comment_status":"","ping_status":"","sticky":false,"template":"","format":"standard","meta":{"footnotes":""},"categories":[142],"tags":[114,115,19033,12397,19016,19034,21416,32,33,151,19032],"class_list":{"0":"post-158077","1":"post","2":"type-post","3":"status-publish","4":"format-standard","5":"has-post-thumbnail","7":"category-tv","8":"tag-entertainment","9":"tag-entretenimento","10":"tag-galas-em-video","11":"tag-leandro","12":"tag-liliana","13":"tag-melhores-momentos-casa-dos-segredos","14":"tag-pedro-jorge","15":"tag-portugal","16":"tag-pt","17":"tag-tv","18":"tag-videos-secret-story-tvi"},"share_on_mastodon":{"url":"https:\/\/pubeurope.com\/@pt\/115578250423520951","error":""},"_links":{"self":[{"href":"https:\/\/www.europesays.com\/pt\/wp-json\/wp\/v2\/posts\/158077","targetHints":{"allow":["GET"]}}],"collection":[{"href":"https:\/\/www.europesays.com\/pt\/wp-json\/wp\/v2\/posts"}],"about":[{"href":"https:\/\/www.europesays.com\/pt\/wp-json\/wp\/v2\/types\/post"}],"author":[{"embeddable":true,"href":"https:\/\/www.europesays.com\/pt\/wp-json\/wp\/v2\/users\/2"}],"replies":[{"embeddable":true,"href":"https:\/\/www.europesays.com\/pt\/wp-json\/wp\/v2\/comments?post=158077"}],"version-history":[{"count":0,"href":"https:\/\/www.europesays.com\/pt\/wp-json\/wp\/v2\/posts\/158077\/revisions"}],"wp:featuredmedia":[{"embeddable":true,"href":"https:\/\/www.europesays.com\/pt\/wp-json\/wp\/v2\/media\/158078"}],"wp:attachment":[{"href":"https:\/\/www.europesays.com\/pt\/wp-json\/wp\/v2\/media?parent=158077"}],"wp:term":[{"taxonomy":"category","embeddable":true,"href":"https:\/\/www.europesays.com\/pt\/wp-json\/wp\/v2\/categories?post=158077"},{"taxonomy":"post_tag","embeddable":true,"href":"https:\/\/www.europesays.com\/pt\/wp-json\/wp\/v2\/tags?post=158077"}],"curies":[{"name":"wp","href":"https:\/\/api.w.org\/{rel}","templated":true}]}}