{"id":158079,"date":"2025-11-19T20:29:14","date_gmt":"2025-11-19T20:29:14","guid":{"rendered":"https:\/\/www.europesays.com\/pt\/158079\/"},"modified":"2025-11-19T20:29:14","modified_gmt":"2025-11-19T20:29:14","slug":"netflix-lanca-trailer-do-novo-filme-de-knives-out-que-esta-prestes-a-estrear-nit","status":"publish","type":"post","link":"https:\/\/www.europesays.com\/pt\/158079\/","title":{"rendered":"Netflix lan\u00e7a trailer do novo filme de \u201cKnives Out\u201d que est\u00e1 prestes a estrear \u2014 NiT"},"content":{"rendered":"<p>Com a data de estreia cada vez mais perto, t\u00eam sido revelados v\u00e1rios detalhes sobre o novo filme de saga \u201cKnives Out\u201d. Esta ter\u00e7a-feira, 18 de novembro, foi lan\u00e7ado um novo trailer da <a href=\"https:\/\/www.imdb.com\/title\/tt14364480\/?ref_=nv_sr_srsg_3_tt_8_nm_0_in_0_q_knives\" target=\"_blank\" rel=\"nofollow noopener\">obra<\/a> que chega \u00e0 Netflix a 12 de dezembro.\u00a0<\/p>\n<p>A narrativa de \u201cKnives Out: Wake Up Dead Man\u201d volta a acompanhar o detetive Benoit Blanc (Daniel Craig), que enfrenta agora o caso mais perigoso da sua carreira.\u00a0<\/p>\n<p>Ap\u00f3s um assassinato s\u00fabito e aparentemente imposs\u00edvel abalar a cidade, a aus\u00eancia de suspeitos leva a chefe da pol\u00edcia local, Geraldine Scott (Mila Kunis), a unir for\u00e7as com Blanc para resolver um mist\u00e9rio que desafia toda a l\u00f3gica. \u201cIsto vai muito al\u00e9m do trabalho normal da pol\u00edcia. Isto \u00e9 algo que eu nunca vivi\u201d, diz o protagonista no v\u00eddeo.<\/p>\n<p>A realiza\u00e7\u00e3o volta a estar a cargo de Rian Johnson. E o elenco \u00e9 de luxo: Daniel Craig volta a assumir o papel principal, agora acompanhado por Glenn Close, Mila Kunis, Andrew Scott, Jeremy Renner, Kerry Washington, entre outros.<\/p>\n<p>No novo filme, Josh O\u2019Connor interpreta o padre Jud Duplenticy, enviado para ajudar o Monsenhor Jefferson Wicks (Josh Brolin). O c\u00edrculo de Wicks inclui a devota Martha Delacroix (Glenn Close), o jardineiro Samson Holt (Thomas Haden Church), a advogada Vera Draven (Kerry Washington), o aspirante a pol\u00edtico Cy Draven (Daryl McCormack), o m\u00e9dico da cidade Nat Sharp (Jeremy Renner), a violoncelista Simone Vivane (Cailee Spaeny) e o escritor Lee Ross (Andrew Scott).\u00a0<\/p>\n<p>Com um or\u00e7amento de 37 milh\u00f5es de euros, o primeiro filme da saga arrecadou 293 milh\u00f5es nas bilheteiras. No ano seguinte, os est\u00fadios Lionsgate encomendaram uma sequela, mas em 2021 a Netflix avan\u00e7ou e pagou 441 milh\u00f5es de euros para ficar com duas continua\u00e7\u00f5es.<\/p>\n<p>Carregue na galeria para conhecer alguns dos filmes que estreiam em novembro nas plataformas de streaming.<\/p>\n","protected":false},"excerpt":{"rendered":"Com a data de estreia cada vez mais perto, t\u00eam sido revelados v\u00e1rios detalhes sobre o novo filme&hellip;\n","protected":false},"author":2,"featured_media":158080,"comment_status":"","ping_status":"","sticky":false,"template":"","format":"standard","meta":{"footnotes":""},"categories":[140],"tags":[114,115,147,148,146,32,33],"class_list":{"0":"post-158079","1":"post","2":"type-post","3":"status-publish","4":"format-standard","5":"has-post-thumbnail","7":"category-filmes","8":"tag-entertainment","9":"tag-entretenimento","10":"tag-film","11":"tag-filmes","12":"tag-movies","13":"tag-portugal","14":"tag-pt"},"share_on_mastodon":{"url":"https:\/\/pubeurope.com\/@pt\/115578258607983614","error":""},"_links":{"self":[{"href":"https:\/\/www.europesays.com\/pt\/wp-json\/wp\/v2\/posts\/158079","targetHints":{"allow":["GET"]}}],"collection":[{"href":"https:\/\/www.europesays.com\/pt\/wp-json\/wp\/v2\/posts"}],"about":[{"href":"https:\/\/www.europesays.com\/pt\/wp-json\/wp\/v2\/types\/post"}],"author":[{"embeddable":true,"href":"https:\/\/www.europesays.com\/pt\/wp-json\/wp\/v2\/users\/2"}],"replies":[{"embeddable":true,"href":"https:\/\/www.europesays.com\/pt\/wp-json\/wp\/v2\/comments?post=158079"}],"version-history":[{"count":0,"href":"https:\/\/www.europesays.com\/pt\/wp-json\/wp\/v2\/posts\/158079\/revisions"}],"wp:featuredmedia":[{"embeddable":true,"href":"https:\/\/www.europesays.com\/pt\/wp-json\/wp\/v2\/media\/158080"}],"wp:attachment":[{"href":"https:\/\/www.europesays.com\/pt\/wp-json\/wp\/v2\/media?parent=158079"}],"wp:term":[{"taxonomy":"category","embeddable":true,"href":"https:\/\/www.europesays.com\/pt\/wp-json\/wp\/v2\/categories?post=158079"},{"taxonomy":"post_tag","embeddable":true,"href":"https:\/\/www.europesays.com\/pt\/wp-json\/wp\/v2\/tags?post=158079"}],"curies":[{"name":"wp","href":"https:\/\/api.w.org\/{rel}","templated":true}]}}