{"id":158087,"date":"2025-11-19T20:35:26","date_gmt":"2025-11-19T20:35:26","guid":{"rendered":"https:\/\/www.europesays.com\/pt\/158087\/"},"modified":"2025-11-19T20:35:26","modified_gmt":"2025-11-19T20:35:26","slug":"cao-baleou-dono-outra-vez-e-um-fenomeno-com-quase-100-anos","status":"publish","type":"post","link":"https:\/\/www.europesays.com\/pt\/158087\/","title":{"rendered":"C\u00e3o baleou dono outra vez. \u00c9 um fen\u00f3meno com quase 100 anos"},"content":{"rendered":"<p class=\"wp-caption-text top\"><a href=\"https:\/\/www.freepik.com\/free-photo\/cute-dog-with-bright-brown-eyes-staring_10758899.htm#fromView=search&amp;page=1&amp;position=1&amp;uuid=4e98a4b2-99f7-4f58-b5c8-beb6b11f3cb0&amp;query=confused+dog\" rel=\"nofollow external noopener noreferrer\" data-wpel-link=\"external\" target=\"_blank\" class=\"ext-link\">wirestock\/Freepik<\/a><\/p>\n<p><img decoding=\"async\" loading=\"lazy\" class=\"wp-image-712238 size-kopa-image-size-3\" src=\"https:\/\/www.europesays.com\/pt\/wp-content\/uploads\/2025\/11\/35545ab37d00f296f67ae5cfcb315f96-783x450.jpg\" alt=\"\" width=\"700\" height=\"402\"  \/><\/p>\n<p><strong>A pol\u00edcia considera o disparo acidental, mas a investiga\u00e7\u00e3o segue em curso (v\u00e3o acusar o c\u00e3o de tentativa de homic\u00eddio?). E embora este tipo de incidente possa parecer uma aut\u00eantica anedota, \u00e9 real e n\u00e3o \u00e9 caso isolado.<\/strong><\/p>\n<p>Um homem de 53 anos da Pensilv\u00e2nia, nos EUA, encontra-se esta semana em recupera\u00e7\u00e3o no hospital ap\u00f3s ter sido baleado acidentalmente pelo pr\u00f3prio c\u00e3o. Por incr\u00edvel que pare\u00e7a, o inusitado incidente <strong>n\u00e3o \u00e9 isolado (nem nada novo).<\/strong><\/p>\n<p>Segundo a pol\u00edcia de Shillington, citada pela <a href=\"https:\/\/abcnews.go.com\/US\/dog-shoots-owner-back-after-jumping-shotgun-left\/story?id=127492296\" data-wpel-link=\"external\" target=\"_blank\" rel=\"nofollow external noopener noreferrer\" class=\"ext-link\">ABC News<\/a>, os agentes foram chamados na noite de ter\u00e7a-feira passada ap\u00f3s um relato de um homem com ferimento por arma de fogo nas costas. Ao chegarem, encontraram a v\u00edtima consciente, deitada no ch\u00e3o, mas capaz de explicar a \u2018loucura\u2019 que tinha acabado de acontecer.<\/p>\n<p>O homem contou que estava a limpar a sua espingarda e que, ao sentar-se na cama, um dos seus c\u00e3es saltou para o colch\u00e3o e caiu diretamente sobre a arma, que foi assim disparada, atingindo a v\u00edtima nas costas. Ferido, foi transportado de imediato por param\u00e9dicos para um hospital pr\u00f3ximo, onde foi submetido a uma cirurgia. Ainda vai precisar de outra opera\u00e7\u00e3o.<\/p>\n<p>A pol\u00edcia considera o disparo acidental, mas a investiga\u00e7\u00e3o segue em curso e, embora este tipo de incidente possa parecer uma aut\u00eantica anedota, \u00e9 real e n\u00e3o \u00e9 isolado.<\/p>\n<p>Registos hist\u00f3ricos recolhidos pelo <a href=\"https:\/\/www.cracked.com\/quick-fixes\/the-shocking-truth-about-gun-violence-by-dogs\" data-wpel-link=\"external\" target=\"_blank\" rel=\"nofollow external noopener noreferrer\" class=\"ext-link\">Cracked<\/a> em 2013 apontam para acidentes semelhantes que remetem a <strong>1928<\/strong>, que se deram de vez em quando ao longo do s\u00e9culo XX e continuaram j\u00e1 neste s\u00e9culo, tanto nos anos 2000, 2010 e, agora, na d\u00e9cada de 2020.<\/p>\n<p>Nesse primeiro registo encontrado\u00a0 \u2014 um pequeno <a href=\"https:\/\/news.google.com\/newspapers?id=KMpPAAAAIBAJ&amp;sjid=ilQDAAAAIBAJ&amp;pg=2062,4220010&amp;dq=dog+shoots+man&amp;hl=en\" data-wpel-link=\"external\" target=\"_blank\" rel=\"nofollow external noopener noreferrer\" class=\"ext-link\">artigo<\/a> do The Evening Independent intitulado \u201cC\u00e3o Baleia Homem\u201d\u2014 o jornal d\u00e1 conta da morte de um homem de Denver, depois de \u201cum c\u00e3o de ca\u00e7a ter pisado no gatilho de uma espingarda\u201d.<\/p>\n<p>    <a href=\"https:\/\/zap.aeiou.pt\/subscrever-newsletter\" data-wpel-link=\"internal\" rel=\"nofollow noopener\" target=\"_blank\">&#13;<br \/>\n        <img loading=\"lazy\" decoding=\"async\" class=\"aligncenter size-full wp-image-575475\" src=\"https:\/\/www.europesays.com\/pt\/wp-content\/uploads\/2025\/11\/2d51fe4a0ba54894421ead1809309ed9-1-450x140.jpg\" alt=\"Subscreva a Newsletter ZAP\" width=\"450\" height=\"140\"\/>&#13;<br \/>\n    <\/a><\/p>\n<p>                <a href=\"https:\/\/whatsapp.com\/channel\/0029VaIC4EE2f3EJZPPSbR34\" data-wpel-link=\"external\" target=\"_blank\" rel=\"nofollow external noopener noreferrer\" class=\"ext-link\">&#13;<br \/>\n                    <img loading=\"lazy\" decoding=\"async\" class=\"aligncenter size-full wp-image-575475\" src=\"https:\/\/www.europesays.com\/pt\/wp-content\/uploads\/2025\/11\/c68c559d956d4ca20f435ed74a6e71e6.png\" alt=\"Siga-nos no WhatsApp\" width=\"175\" height=\"64\"\/>&#13;<br \/>\n                <\/a><\/p>\n<p>                <a href=\"https:\/\/news.google.com\/publications\/CAAiEHRwZondIV71PDjWNoqMduEqFAgKIhB0cGaJ3SFe9Tw41jaKjHbh?hl=en-US&amp;gl=US&amp;ceid=US%3Aen\" data-wpel-link=\"external\" target=\"_blank\" rel=\"nofollow external noopener noreferrer\" class=\"ext-link\">&#13;<br \/>\n                    <img loading=\"lazy\" decoding=\"async\" class=\"aligncenter size-full wp-image-575475\" src=\"https:\/\/www.europesays.com\/pt\/wp-content\/uploads\/2025\/11\/5123dd8b087b644fdb8f8603acd1bad4.png\" alt=\"Siga-nos no Google News\" width=\"176\" height=\"64\"\/>&#13;<br \/>\n                <\/a><\/p>\n","protected":false},"excerpt":{"rendered":"wirestock\/Freepik A pol\u00edcia considera o disparo acidental, mas a investiga\u00e7\u00e3o segue em curso (v\u00e3o acusar o c\u00e3o de&hellip;\n","protected":false},"author":2,"featured_media":158088,"comment_status":"","ping_status":"","sticky":false,"template":"","format":"standard","meta":{"footnotes":""},"categories":[50],"tags":[1353,27,28,61,413,15,16,14,736,25,26,21,22,62,12,13,19,20,23,24,17,18,29,30,31,63,64,65],"class_list":{"0":"post-158087","1":"post","2":"type-post","3":"status-publish","4":"format-standard","5":"has-post-thumbnail","7":"category-mundo","8":"tag-animais","9":"tag-breaking-news","10":"tag-breakingnews","11":"tag-caes","12":"tag-eua","13":"tag-featured-news","14":"tag-featurednews","15":"tag-headlines","16":"tag-historia","17":"tag-latest-news","18":"tag-latestnews","19":"tag-main-news","20":"tag-mainnews","21":"tag-mundo","22":"tag-news","23":"tag-noticias","24":"tag-noticias-principais","25":"tag-noticiasprincipais","26":"tag-principais-noticias","27":"tag-principaisnoticias","28":"tag-top-stories","29":"tag-topstories","30":"tag-ultimas","31":"tag-ultimas-noticias","32":"tag-ultimasnoticias","33":"tag-world","34":"tag-world-news","35":"tag-worldnews"},"share_on_mastodon":{"url":"https:\/\/pubeurope.com\/@pt\/115578282851060787","error":""},"_links":{"self":[{"href":"https:\/\/www.europesays.com\/pt\/wp-json\/wp\/v2\/posts\/158087","targetHints":{"allow":["GET"]}}],"collection":[{"href":"https:\/\/www.europesays.com\/pt\/wp-json\/wp\/v2\/posts"}],"about":[{"href":"https:\/\/www.europesays.com\/pt\/wp-json\/wp\/v2\/types\/post"}],"author":[{"embeddable":true,"href":"https:\/\/www.europesays.com\/pt\/wp-json\/wp\/v2\/users\/2"}],"replies":[{"embeddable":true,"href":"https:\/\/www.europesays.com\/pt\/wp-json\/wp\/v2\/comments?post=158087"}],"version-history":[{"count":0,"href":"https:\/\/www.europesays.com\/pt\/wp-json\/wp\/v2\/posts\/158087\/revisions"}],"wp:featuredmedia":[{"embeddable":true,"href":"https:\/\/www.europesays.com\/pt\/wp-json\/wp\/v2\/media\/158088"}],"wp:attachment":[{"href":"https:\/\/www.europesays.com\/pt\/wp-json\/wp\/v2\/media?parent=158087"}],"wp:term":[{"taxonomy":"category","embeddable":true,"href":"https:\/\/www.europesays.com\/pt\/wp-json\/wp\/v2\/categories?post=158087"},{"taxonomy":"post_tag","embeddable":true,"href":"https:\/\/www.europesays.com\/pt\/wp-json\/wp\/v2\/tags?post=158087"}],"curies":[{"name":"wp","href":"https:\/\/api.w.org\/{rel}","templated":true}]}}