{"id":158089,"date":"2025-11-19T20:36:16","date_gmt":"2025-11-19T20:36:16","guid":{"rendered":"https:\/\/www.europesays.com\/pt\/158089\/"},"modified":"2025-11-19T20:36:16","modified_gmt":"2025-11-19T20:36:16","slug":"usf-mulheres-detidas-inscreveram-10-mil-imigrantes-observador","status":"publish","type":"post","link":"https:\/\/www.europesays.com\/pt\/158089\/","title":{"rendered":"USF. Mulheres detidas inscreveram 10 mil imigrantes \u2013 Observador"},"content":{"rendered":"<p>A Pol\u00edcia Judici\u00e1ria (PJ) deteve duas funcion\u00e1rias administrativas de uma Unidade de Sa\u00fade Familiar (USF)\u00a0por suspeitas de \u201c<strong>inscri\u00e7\u00e3o fraudulenta de milhares de imigrantes no Sistema Nacional de Sa\u00fade<\/strong> (SNS)\u201d, avan\u00e7ou esta quarta-feira a PJ em comunicado. Ao que o Observador apurou, as duas funcion\u00e1rias trabalhavam na USF de La\u00e7os, em Cortega\u00e7a, no concelho de Ovar.<\/p>\n<p>Segundo fonte da PJ adiantou ao Observador, as <strong>duas funcion\u00e1rias ter\u00e3o inscrito cerca de 10.000 imigrantes<\/strong> no SNS durante ano e meio, dos quais sensivelmente 500 teriam dado a mesma morada na Rua do Benformoso, em Lisboa. Os principais pa\u00edses de origem destes imigrantes que obtiveram os seus registos no SNS de forma fraudulenta eram Bangladesh, Paquist\u00e3o, Arg\u00e9lia, \u00cdndia e Brasil, entre outros.<\/p>\n<p>Perante a \u201cforte prova\u201d reunida pela PJ, as duas funcion\u00e1rias ter\u00e3o assumido a liga\u00e7\u00e3o \u00e0 organiza\u00e7\u00e3o e a atividade desenvolvida. Foram j\u00e1 presentes a juiz para o primeiro interrogat\u00f3rio judicial no Tribunal Central de Instru\u00e7\u00e3o Criminal e <strong>ficaram em liberdade, sujeitas \u00e0s medidas de coa\u00e7\u00e3o de suspens\u00e3o de fun\u00e7\u00f5es e de proibi\u00e7\u00e3o de contactos<\/strong> entre elas e com os elementos da organiza\u00e7\u00e3o criminosa.<\/p>\n<p>A mesma fonte avan\u00e7ou que esta \u201c\u00e9 uma investiga\u00e7\u00e3o muito complexa e longa, j\u00e1 com v\u00e1rias fases\u201d, tendo come\u00e7ado em 2023 e conhecido a primeira grande opera\u00e7\u00e3o em maio deste ano, quando foram detidas mais de uma dezena de pessoas de uma organiza\u00e7\u00e3o criminosa que estava espalhada pelo pa\u00eds, mas com presen\u00e7a sobretudo na regi\u00e3o Centro e em Lisboa.<\/p>\n<p>\u201cFoi muito desafiante e tentamos usar metodologias diferentes nesta investiga\u00e7\u00e3o. Isto permitiu-nos perceber a org\u00e2nica e como funcionavam. Era um grupo que movimentava muitos milh\u00f5es de euros, dezenas de milh\u00f5es s\u00f3 pela an\u00e1lise dos fluxos financeiros, em que os diferentes elementos recebiam de acordo com as tarefas destinadas. O ponto era oferecer um pacote de servi\u00e7os a imigrantes de v\u00e1rias proveni\u00eancias e depois tratavam de todo o tipo de documenta\u00e7\u00e3o, incluindo documenta\u00e7\u00e3o fraudulenta, como contratos de trabalho\u201d, refere a mesma fonte.<\/p>\n<p>Segundo a investiga\u00e7\u00e3o, muitos dos imigrantes n\u00e3o pretendiam ficar em Portugal, mas apenas ter \u201c<strong>uma apar\u00eancia de legalidade de liga\u00e7\u00e3o\u201d ao pa\u00eds<\/strong> para depois rumarem a outros pa\u00edses sem perderem a vincula\u00e7\u00e3o a Portugal e \u00e0 oferta de servi\u00e7os que vinha com a legaliza\u00e7\u00e3o: \u201cEstamos em crer que uma quantidade bastante expressiva n\u00e3o ficou em Portugal. Estas pessoas s\u00e3o utentes do SNS, mas podem estar l\u00e1 fora e virem c\u00e1 para ser tratados. A cereja em cima do bolo \u00e9 serem benefici\u00e1rias do SNS, com todas as vantagens que oferece\u201d.<\/p>\n<p>A mesma fonte real\u00e7a que \u201cestes grupos aproveitaram-se das fragilidades\u201d do sistema nacional. \u201cN\u00e3o se pode dizer que sejam imigrantes ilegais, mas s\u00e3o imigrantes que se legalizaram de forma fraudulenta ou com base em pressupostos fraudulentos fornecidos por este grupo criminoso\u201d.<\/p>\n<p>Sobre as duas funcion\u00e1rias da USF La\u00e7os, em Cortega\u00e7a, a investiga\u00e7\u00e3o apurou que uma ter\u00e1 sido recrutada diretamente pela organiza\u00e7\u00e3o criminosa, enquanto a outra ter\u00e1 sido introduzida na atividade pela colega de trabalho, face \u00e0 rela\u00e7\u00e3o de confian\u00e7a entre ambas, recebendo um determinado valor por cada utente registado no sistema.<\/p>\n<p>\u201cEstamos convencidos que parte dos proventos ir\u00e3o para o estrangeiro, recorrendo a empresas de transfer\u00eancia de capitais\u201d, sublinhou fonte ligada \u00e0 investiga\u00e7\u00e3o, real\u00e7ando que as duas funcion\u00e1rias ter\u00e3o recebido \u201calguns milhares de euros\u201d, embora o valor real esteja ainda a ser calculado.<\/p>\n<p class=\"tinymceh1\">Ali\u00e1s, as duas funcion\u00e1rias estavam localizadas na regi\u00e3o Centro-Norte do pa\u00eds, mas atribu\u00edram n\u00fameros de utente a pessoas que forneciam moradas de todo o pa\u00eds e, ao que o Observador apurou, <strong>alguns nem forneciam sequer qualquer morada<\/strong>, \u00e0 margem dos requisitos necess\u00e1rios para qualquer pessoa \u2014 incluindo imigrantes \u2014 ter acesso ao SNS.<\/p>\n<p>A dilig\u00eancia da Diretoria do Centro da PJ insere-se na opera\u00e7\u00e3o \u201cGamb\u00e9rria\u201d, que j\u00e1 levou anteriormente \u00e0 deten\u00e7\u00e3o de 16 pessoas e \u00e0 constitui\u00e7\u00e3o de 26 arguidos, entre as quais, de acordo com a nota divulgada, se incluem sete empres\u00e1rios, uma advogada e uma funcion\u00e1ria da Dire\u00e7\u00e3o-Geral dos Assuntos Consulares e das Comunidades Portuguesas do Minist\u00e9rio dos Neg\u00f3cios Estrangeiros.<\/p>\n<p>\u201cImporta referir que a <strong>obten\u00e7\u00e3o do N\u00famero Nacional de Utente (NNU) representa a consolida\u00e7\u00e3o do processo de legaliza\u00e7\u00e3o em territ\u00f3rio nacional e a garantia de assist\u00eancia m\u00e9dica atrav\u00e9s do SNS<\/strong>\u201c, refere o comunicado.<\/p>\n<p>A opera\u00e7\u00e3o comunicada esta quarta-feira real\u00e7a a realiza\u00e7\u00e3o de duas buscas domicili\u00e1rias, bem como buscas na USF de La\u00e7os, \u201cresultando destas dilig\u00eancias a apreens\u00e3o, entre outros, de um enorme acervo de documenta\u00e7\u00e3o utilizada em processos de atribui\u00e7\u00e3o de forma indevida de n\u00fameros de utentes\u201d.<\/p>\n<p>As duas mulheres, de 40 e 54 anos, s\u00e3o agora suspeitas da pr\u00e1tica dos crimes de <strong>corrup\u00e7\u00e3o passiva, associa\u00e7\u00e3o de aux\u00edlio \u00e0 imigra\u00e7\u00e3o ilegal e falsidade inform\u00e1tica<\/strong>.<\/p>\n<p>As deten\u00e7\u00f5es foram efetuadas ao abrigo de mandados de deten\u00e7\u00e3o emitidos pelo DIAP Regional de Coimbra e o inqu\u00e9rito j\u00e1 foi considerado de especial complexidade.<\/p>\n<p>(Not\u00edcia atualizada \u00e0s 19h15 com mais informa\u00e7\u00f5es sobre a investiga\u00e7\u00e3o e as medidas de coa\u00e7\u00e3o)<\/p>\n","protected":false},"excerpt":{"rendered":"A Pol\u00edcia Judici\u00e1ria (PJ) deteve duas funcion\u00e1rias administrativas de uma Unidade de Sa\u00fade Familiar (USF)\u00a0por suspeitas de \u201cinscri\u00e7\u00e3o&hellip;\n","protected":false},"author":2,"featured_media":158090,"comment_status":"","ping_status":"","sticky":false,"template":"","format":"standard","meta":{"footnotes":""},"categories":[10],"tags":[27,28,15,16,14,300,25,26,21,22,12,13,19,20,3918,32,23,24,33,2946,17,18,29,30,31],"class_list":{"0":"post-158089","1":"post","2":"type-post","3":"status-publish","4":"format-standard","5":"has-post-thumbnail","7":"category-portugal","8":"tag-breaking-news","9":"tag-breakingnews","10":"tag-featured-news","11":"tag-featurednews","12":"tag-headlines","13":"tag-justiu00e7a","14":"tag-latest-news","15":"tag-latestnews","16":"tag-main-news","17":"tag-mainnews","18":"tag-news","19":"tag-noticias","20":"tag-noticias-principais","21":"tag-noticiasprincipais","22":"tag-polu00edcia-judiciu00e1ria","23":"tag-portugal","24":"tag-principais-noticias","25":"tag-principaisnoticias","26":"tag-pt","27":"tag-sau00fade","28":"tag-top-stories","29":"tag-topstories","30":"tag-ultimas","31":"tag-ultimas-noticias","32":"tag-ultimasnoticias"},"share_on_mastodon":{"url":"https:\/\/pubeurope.com\/@pt\/115578285768865771","error":""},"_links":{"self":[{"href":"https:\/\/www.europesays.com\/pt\/wp-json\/wp\/v2\/posts\/158089","targetHints":{"allow":["GET"]}}],"collection":[{"href":"https:\/\/www.europesays.com\/pt\/wp-json\/wp\/v2\/posts"}],"about":[{"href":"https:\/\/www.europesays.com\/pt\/wp-json\/wp\/v2\/types\/post"}],"author":[{"embeddable":true,"href":"https:\/\/www.europesays.com\/pt\/wp-json\/wp\/v2\/users\/2"}],"replies":[{"embeddable":true,"href":"https:\/\/www.europesays.com\/pt\/wp-json\/wp\/v2\/comments?post=158089"}],"version-history":[{"count":0,"href":"https:\/\/www.europesays.com\/pt\/wp-json\/wp\/v2\/posts\/158089\/revisions"}],"wp:featuredmedia":[{"embeddable":true,"href":"https:\/\/www.europesays.com\/pt\/wp-json\/wp\/v2\/media\/158090"}],"wp:attachment":[{"href":"https:\/\/www.europesays.com\/pt\/wp-json\/wp\/v2\/media?parent=158089"}],"wp:term":[{"taxonomy":"category","embeddable":true,"href":"https:\/\/www.europesays.com\/pt\/wp-json\/wp\/v2\/categories?post=158089"},{"taxonomy":"post_tag","embeddable":true,"href":"https:\/\/www.europesays.com\/pt\/wp-json\/wp\/v2\/tags?post=158089"}],"curies":[{"name":"wp","href":"https:\/\/api.w.org\/{rel}","templated":true}]}}