{"id":158091,"date":"2025-11-19T20:37:09","date_gmt":"2025-11-19T20:37:09","guid":{"rendered":"https:\/\/www.europesays.com\/pt\/158091\/"},"modified":"2025-11-19T20:37:09","modified_gmt":"2025-11-19T20:37:09","slug":"as-imagens-da-visita-de-cristiano-ronaldo-a-donald-trump-na-casa-branca","status":"publish","type":"post","link":"https:\/\/www.europesays.com\/pt\/158091\/","title":{"rendered":"As imagens da visita de Cristiano Ronaldo a Donald Trump na Casa Branca"},"content":{"rendered":"<p>Cristiano Ronaldo jantou esta ter\u00e7a-feira, 18 de novembro, na Casa Branca com o Presidente norte-americano, Donald Trump, como parte da delega\u00e7\u00e3o que acompanha o pr\u00edncipe herdeiro da Ar\u00e1bia Saudita, Mohammed bin Salm\u00e1m, em visita aos Estados Unidos.<\/p>\n<p>Durante um discurso de boas-vindas ao jantar, Trump destacou a presen\u00e7a da superestrela portuguesa e disse que seu filho Barron estava emocionado por conhecer Cristiano Ronaldo pessoalmente. &#8220;O meu filho \u00e9 um grande f\u00e3 de Ronaldo&#8221;, disse o presidente dos Estados Unidos no discurso que fez, acrescentando que agora que Barron teve a oportunidade de conhecer o craque &#8220;tem um pouco mais de respeito&#8221; pelo pai.<\/p>\n<p>Ronaldo, acompanhado pela mulher, Georgina Rodr\u00edguez, n\u00e3o foi convidado a discursar, mas foi colocado nos primeiros lugares da mesa no Sal\u00e3o Leste da Casa Branca.<\/p>\n<p>O Presidente Trump deu as boas-vindas aos convidados, descrevendo o pr\u00edncipe herdeiro como &#8220;um verdadeiro parceiro para a paz e a prosperidade&#8221; no mundo e para a paz no M\u00e9dio Oriente.<\/p>\n<p>O jantar atrasou-se porque o tapete vermelho colocado fora do sal\u00e3o teve de ser coberto por uma tenda devido \u00e0 forte chuva em Washington D.C.<\/p>\n<p>Al\u00e9m de Cristiano Ronaldo, Trump tamb\u00e9m recebeu Elon Musk, sendo este o regresso do magnata da tecnologia \u00e0 Casa Branca ap\u00f3s o afastamento do Presidente republicano, em abril. Tim Cook, CEO da Apple, e Gianni Infantino, presidente da FIFA, tamb\u00e9m estiveram neste jantar.<\/p>\n","protected":false},"excerpt":{"rendered":"Cristiano Ronaldo jantou esta ter\u00e7a-feira, 18 de novembro, na Casa Branca com o Presidente norte-americano, Donald Trump, como&hellip;\n","protected":false},"author":2,"featured_media":158092,"comment_status":"","ping_status":"","sticky":false,"template":"","format":"standard","meta":{"footnotes":""},"categories":[8],"tags":[27,28,5914,667,92,15,16,14,25,26,21,22,12,13,19,20,32,23,24,33,17,18,29,30,31],"class_list":{"0":"post-158091","1":"post","2":"type-post","3":"status-publish","4":"format-standard","5":"has-post-thumbnail","7":"category-principais-noticias","8":"tag-breaking-news","9":"tag-breakingnews","10":"tag-casa-branca","11":"tag-cristiano-ronaldo","12":"tag-donald-trump","13":"tag-featured-news","14":"tag-featurednews","15":"tag-headlines","16":"tag-latest-news","17":"tag-latestnews","18":"tag-main-news","19":"tag-mainnews","20":"tag-news","21":"tag-noticias","22":"tag-noticias-principais","23":"tag-noticiasprincipais","24":"tag-portugal","25":"tag-principais-noticias","26":"tag-principaisnoticias","27":"tag-pt","28":"tag-top-stories","29":"tag-topstories","30":"tag-ultimas","31":"tag-ultimas-noticias","32":"tag-ultimasnoticias"},"share_on_mastodon":{"url":"","error":""},"_links":{"self":[{"href":"https:\/\/www.europesays.com\/pt\/wp-json\/wp\/v2\/posts\/158091","targetHints":{"allow":["GET"]}}],"collection":[{"href":"https:\/\/www.europesays.com\/pt\/wp-json\/wp\/v2\/posts"}],"about":[{"href":"https:\/\/www.europesays.com\/pt\/wp-json\/wp\/v2\/types\/post"}],"author":[{"embeddable":true,"href":"https:\/\/www.europesays.com\/pt\/wp-json\/wp\/v2\/users\/2"}],"replies":[{"embeddable":true,"href":"https:\/\/www.europesays.com\/pt\/wp-json\/wp\/v2\/comments?post=158091"}],"version-history":[{"count":0,"href":"https:\/\/www.europesays.com\/pt\/wp-json\/wp\/v2\/posts\/158091\/revisions"}],"wp:featuredmedia":[{"embeddable":true,"href":"https:\/\/www.europesays.com\/pt\/wp-json\/wp\/v2\/media\/158092"}],"wp:attachment":[{"href":"https:\/\/www.europesays.com\/pt\/wp-json\/wp\/v2\/media?parent=158091"}],"wp:term":[{"taxonomy":"category","embeddable":true,"href":"https:\/\/www.europesays.com\/pt\/wp-json\/wp\/v2\/categories?post=158091"},{"taxonomy":"post_tag","embeddable":true,"href":"https:\/\/www.europesays.com\/pt\/wp-json\/wp\/v2\/tags?post=158091"}],"curies":[{"name":"wp","href":"https:\/\/api.w.org\/{rel}","templated":true}]}}