{"id":158093,"date":"2025-11-19T20:38:15","date_gmt":"2025-11-19T20:38:15","guid":{"rendered":"https:\/\/www.europesays.com\/pt\/158093\/"},"modified":"2025-11-19T20:38:15","modified_gmt":"2025-11-19T20:38:15","slug":"nao-me-representa-comentador-arrasa-encontro-de-ronaldo-e-trump","status":"publish","type":"post","link":"https:\/\/www.europesays.com\/pt\/158093\/","title":{"rendered":"\u00abN\u00e3o me representa!\u00bb: comentador arrasa encontro de Ronaldo e Trump"},"content":{"rendered":"<p>No \u00abV+ Futebol\u00bb,\u00a0 an\u00e1lise e cr\u00edticas ao encontro entre Cristiano Ronaldo e Donald Trump na Casa Branca: &#8220;O Campeonato dos Milion\u00e1rios&#8221;.\u00a0<\/p>\n<p>O encontro de Cristiano Ronaldo com o Presidente dos EUA, Donald Trump, na Casa Branca, gerou uma intensa onda de coment\u00e1rios e cr\u00edticas, especialmente por parte de figuras p\u00fablicas e comentadores. O evento ocorreu durante um jantar de gala em que Trump recebeu o pr\u00edncipe herdeiro da Ar\u00e1bia Saudita, Mohammed bin Salman, pa\u00eds onde o craque portugu\u00eas atua pelo Al-Nassr.<\/p>\n","protected":false},"excerpt":{"rendered":"No \u00abV+ Futebol\u00bb,\u00a0 an\u00e1lise e cr\u00edticas ao encontro entre Cristiano Ronaldo e Donald Trump na Casa Branca: &#8220;O&hellip;\n","protected":false},"author":2,"featured_media":158094,"comment_status":"","ping_status":"","sticky":false,"template":"","format":"standard","meta":{"footnotes":""},"categories":[145],"tags":[73,72,66,211,210,667,92,114,115,77,69,75,71,67,32,33,76,74,70,35,78,68],"class_list":{"0":"post-158093","1":"post","2":"type-post","3":"status-publish","4":"format-standard","5":"has-post-thumbnail","7":"category-celebridades","8":"tag-a-jornada","9":"tag-bate-bola","10":"tag-bom-dia-alegria","11":"tag-celebridades","12":"tag-celebrities","13":"tag-cristiano-ronaldo","14":"tag-donald-trump","15":"tag-entertainment","16":"tag-entretenimento","17":"tag-estudio-estadio","18":"tag-fanaticos","19":"tag-livre-e-direto","20":"tag-nova-geracao","21":"tag-para-si","22":"tag-portugal","23":"tag-pt","24":"tag-segredos-do-prazer","25":"tag-segue-o-jogo","26":"tag-super-craques","27":"tag-transferencias","28":"tag-v-fama","29":"tag-var-aberto"},"share_on_mastodon":{"url":"https:\/\/pubeurope.com\/@pt\/115578293680786863","error":""},"_links":{"self":[{"href":"https:\/\/www.europesays.com\/pt\/wp-json\/wp\/v2\/posts\/158093","targetHints":{"allow":["GET"]}}],"collection":[{"href":"https:\/\/www.europesays.com\/pt\/wp-json\/wp\/v2\/posts"}],"about":[{"href":"https:\/\/www.europesays.com\/pt\/wp-json\/wp\/v2\/types\/post"}],"author":[{"embeddable":true,"href":"https:\/\/www.europesays.com\/pt\/wp-json\/wp\/v2\/users\/2"}],"replies":[{"embeddable":true,"href":"https:\/\/www.europesays.com\/pt\/wp-json\/wp\/v2\/comments?post=158093"}],"version-history":[{"count":0,"href":"https:\/\/www.europesays.com\/pt\/wp-json\/wp\/v2\/posts\/158093\/revisions"}],"wp:featuredmedia":[{"embeddable":true,"href":"https:\/\/www.europesays.com\/pt\/wp-json\/wp\/v2\/media\/158094"}],"wp:attachment":[{"href":"https:\/\/www.europesays.com\/pt\/wp-json\/wp\/v2\/media?parent=158093"}],"wp:term":[{"taxonomy":"category","embeddable":true,"href":"https:\/\/www.europesays.com\/pt\/wp-json\/wp\/v2\/categories?post=158093"},{"taxonomy":"post_tag","embeddable":true,"href":"https:\/\/www.europesays.com\/pt\/wp-json\/wp\/v2\/tags?post=158093"}],"curies":[{"name":"wp","href":"https:\/\/api.w.org\/{rel}","templated":true}]}}