{"id":1581,"date":"2025-07-25T21:03:11","date_gmt":"2025-07-25T21:03:11","guid":{"rendered":"https:\/\/www.europesays.com\/pt\/1581\/"},"modified":"2025-07-25T21:03:11","modified_gmt":"2025-07-25T21:03:11","slug":"perante-eventuais-incumprimentos-na-unir-grande-porto-prepara-resposta-urgente-transportes-metropolitanos-do-porto","status":"publish","type":"post","link":"https:\/\/www.europesays.com\/pt\/1581\/","title":{"rendered":"Perante eventuais incumprimentos na Unir, Grande Porto prepara resposta \u201curgente\u201d | Transportes Metropolitanos do Porto"},"content":{"rendered":"<p>Para j\u00e1 trata-se de uma medida preventiva. A quest\u00e3o ainda n\u00e3o se coloca, mas \u00e9 preciso dotar a Transportes Metropolitanos do Porto (TMP), respons\u00e1vel pela rede Unir, de ferramentas para poder encontrar solu\u00e7\u00f5es em caso de incumprimento de alguma das concession\u00e1rias.<\/p>\n<p>A explica\u00e7\u00e3o foi dada aos jornalistas, nesta sexta-feira, no final do Conselho Metropolitano do Porto, pelo presidente do \u00f3rg\u00e3o, Jorge Sequeira (PS). Na ordem de trabalhos da reuni\u00e3o de autarcas da \u00c1rea Metropolitana do Porto (AMP) estava um pedido de autoriza\u00e7\u00e3o da<a href=\"https:\/\/www.publico.pt\/2025\/01\/13\/local\/noticia\/cinco-anos-atraso-nasce-empresa-vai-gerir-fiscalizar-unir-2118658\" rel=\"nofollow noopener\" target=\"_blank\"> TMP<\/a> para realizar uma \u201ceventual despesa urgente e inadi\u00e1vel\u201d para manter a opera\u00e7\u00e3o da rede Unir.<\/p>\n<p>\u201cEssa mat\u00e9ria est\u00e1 a ser analisada juridicamente. A empresa [TMP] est\u00e1 a tomar todas as medidas que sejam necess\u00e1rias para assegurar a <a href=\"https:\/\/www.publico.pt\/2024\/01\/26\/local\/noticia\/area-metropolitana-porto-aperta-fiscalizacao-unir-fevereiro-2078306\" rel=\"nofollow noopener\" target=\"_blank\">continuidade dos servi\u00e7os<\/a>\u201d, disse o tamb\u00e9m autarca de S\u00e3o Jo\u00e3o da Madeira.<\/p>\n<p>        &#13;<\/p>\n<p>&#13;<br \/>\n                &#13;\n            <\/p>\n<p>&#13;<\/p>\n<p>O respons\u00e1vel falou apenas em cen\u00e1rios hipot\u00e9ticos e n\u00e3o quis pronunciar-se sobre problemas concretos em algum dos cinco lotes concessionados a empresas diferentes. Mas l\u00e1 reconheceu que \u201ch\u00e1 vicissitudes em v\u00e1rios lotes\u201d<\/p>\n<p>Sublinhou apenas que foi \u201cdesenhada uma articula\u00e7\u00e3o\u201d entre a comiss\u00e3o executiva da AMP e a TMP para \u201cresponder a quaisquer eventualidades\u201d.<\/p>\n<p>Tamb\u00e9m presente na reuni\u00e3o desta sexta-feira, o presidente da TMP, <a href=\"https:\/\/www.publico.pt\/2025\/01\/11\/local\/noticia\/marco-martins-deixa-camara-gondomar-31-janeiro-assumir-tmp-2118430\" rel=\"nofollow noopener\" target=\"_blank\">Marco Martins<\/a>, anunciou que a empresa ir\u00e1 mudar-se para as novas instala\u00e7\u00f5es durante Agosto, altura em que come\u00e7ar\u00e3o a ser colocados c\u00f3digos QR nas paragens com os <a href=\"https:\/\/www.publico.pt\/2023\/11\/30\/local\/noticia\/autocarros-unir-arrancam-sextafeira-muda-porto-2072041\" rel=\"nofollow noopener\" target=\"_blank\">hor\u00e1rios da Unir<\/a>.<\/p>\n<p>Operadores notificados<\/p>\n<p>Desde o arranque da opera\u00e7\u00e3o que se sabe que o servi\u00e7o da Unir n\u00e3o \u00e9 um problema abstracto. No \u00faltimo conselho metropolitano, a TMP avisou que foi \u201cexpedida uma notifica\u00e7\u00e3o a diversos operadores\u201d para que resolvessem \u201cincumprimentos que est\u00e3o a ser constatados\u201d. J\u00e1 no in\u00edcio do ano, a empresa metropolitana tinha anunciado o refor\u00e7o de controlo, tanto da opera\u00e7\u00e3o como da bilh\u00e9tica.<\/p>\n<p>As <a href=\"https:\/\/www.publico.pt\/2023\/12\/04\/local\/noticia\/arranque-rede-unir-faltou-informacao-faltaram-autocarros-2072497\" rel=\"nofollow noopener\" target=\"_blank\">queixas <\/a>sobre o servi\u00e7o da Unir, rede metropolitana de autocarros que arrancou em Dezembro de 2023, n\u00e3o s\u00e3o uma novidade. Mas o problema persiste. S\u00f3 no primeiro semestre deste ano, a TMP registou 400 reclama\u00e7\u00f5es sobre as linhas da Unir s\u00f3 em Gaia. A maioria foi sobre viagens n\u00e3o realizadas neste munic\u00edpio que, com Espinho, integra o lote 4, operado pela Transportes Beira Douro.<\/p>\n<p>Quando ainda era autarca da cidade e tamb\u00e9m presidente da AMP, <a href=\"https:\/\/www.publico.pt\/2025\/06\/21\/politica\/noticia\/autarca-gaia-sai-30-junho-criticas-psd-eventual-regresso-menezes-2137428\" rel=\"nofollow noopener\" target=\"_blank\">Eduardo V\u00edtor Rodrigues<\/a> disse que Gaia \u201ctem sofrido com os incumprimentos da empresa que ganhou o concurso\u201d. Em Maio defendeu que, depois de um per\u00edodo de toler\u00e2ncia de um contrato que tem sete anos, ou a empresa \u201ccumpre ou vai embora e d\u00e1 lugar a outro\u201d.<\/p>\n<p>A Vianorbus tem o lote 1 (Maia, Matosinhos e Trofa), a Nex Continental opera o lote 2 (Gondomar, Valongo, Paredes e Santo Tirso), a Porto Mobilidade ficou com o lote 3 (Vila do Conde e P\u00f3voa de Varzim) e a Xerbus trabalha no lote 5 (Santa Maria da Feira, Oliveira de Azem\u00e9is, Arouca, S\u00e3o Jo\u00e3o da Madeira e Vale de Cambra)<\/p>\n<p>As queixas em Gaia s\u00e3o t\u00e3o habituais que j\u00e1 entraram na campanha para as elei\u00e7\u00f5es aut\u00e1rquicas deste ano. O candidato do PS, <a href=\"https:\/\/www.publico.pt\/2025\/07\/18\/politica\/noticia\/joao-paulo-correia-prefere-abolicao-portagens-gaia-pontes-menezes-2140940\" rel=\"nofollow noopener\" target=\"_blank\">Jo\u00e3o Paulo Correia<\/a>, j\u00e1 manifestou o desejo de substituir o operador da Unir naquele concelho. <a href=\"https:\/\/www.publico.pt\/2025\/07\/03\/politica\/noticia\/luis-filipe-menezes-garantia-nao-estar-disponivel-candidato-psd-camara-gaia-2138884\" rel=\"nofollow noopener\" target=\"_blank\">Lu\u00eds Filipe Menezes<\/a>, que quer regressar \u00e0 autarquia pelo PSD, depois de 12 anos fora, disse que ia pensar em cortar com a empresa metropolitana e criar uma solu\u00e7\u00e3o municipal.<\/p>\n","protected":false},"excerpt":{"rendered":"Para j\u00e1 trata-se de uma medida preventiva. A quest\u00e3o ainda n\u00e3o se coloca, mas \u00e9 preciso dotar a&hellip;\n","protected":false},"author":2,"featured_media":1582,"comment_status":"","ping_status":"","sticky":false,"template":"","format":"standard","meta":{"footnotes":""},"categories":[10],"tags":[1201,27,28,1200,15,16,14,1199,25,26,352,21,22,1202,12,13,19,20,32,23,24,33,17,18,1198,29,30,31],"class_list":{"0":"post-1581","1":"post","2":"type-post","3":"status-publish","4":"format-standard","5":"has-post-thumbnail","7":"category-portugal","8":"tag-area-metropolitana-do-porto","9":"tag-breaking-news","10":"tag-breakingnews","11":"tag-conselho-metropolitano-do-porto","12":"tag-featured-news","13":"tag-featurednews","14":"tag-headlines","15":"tag-jorge-sequeira","16":"tag-latest-news","17":"tag-latestnews","18":"tag-local","19":"tag-main-news","20":"tag-mainnews","21":"tag-marco-martins","22":"tag-news","23":"tag-noticias","24":"tag-noticias-principais","25":"tag-noticiasprincipais","26":"tag-portugal","27":"tag-principais-noticias","28":"tag-principaisnoticias","29":"tag-pt","30":"tag-top-stories","31":"tag-topstories","32":"tag-transportes-metropolitanos-do-porto","33":"tag-ultimas","34":"tag-ultimas-noticias","35":"tag-ultimasnoticias"},"share_on_mastodon":{"url":"","error":""},"_links":{"self":[{"href":"https:\/\/www.europesays.com\/pt\/wp-json\/wp\/v2\/posts\/1581","targetHints":{"allow":["GET"]}}],"collection":[{"href":"https:\/\/www.europesays.com\/pt\/wp-json\/wp\/v2\/posts"}],"about":[{"href":"https:\/\/www.europesays.com\/pt\/wp-json\/wp\/v2\/types\/post"}],"author":[{"embeddable":true,"href":"https:\/\/www.europesays.com\/pt\/wp-json\/wp\/v2\/users\/2"}],"replies":[{"embeddable":true,"href":"https:\/\/www.europesays.com\/pt\/wp-json\/wp\/v2\/comments?post=1581"}],"version-history":[{"count":0,"href":"https:\/\/www.europesays.com\/pt\/wp-json\/wp\/v2\/posts\/1581\/revisions"}],"wp:featuredmedia":[{"embeddable":true,"href":"https:\/\/www.europesays.com\/pt\/wp-json\/wp\/v2\/media\/1582"}],"wp:attachment":[{"href":"https:\/\/www.europesays.com\/pt\/wp-json\/wp\/v2\/media?parent=1581"}],"wp:term":[{"taxonomy":"category","embeddable":true,"href":"https:\/\/www.europesays.com\/pt\/wp-json\/wp\/v2\/categories?post=1581"},{"taxonomy":"post_tag","embeddable":true,"href":"https:\/\/www.europesays.com\/pt\/wp-json\/wp\/v2\/tags?post=1581"}],"curies":[{"name":"wp","href":"https:\/\/api.w.org\/{rel}","templated":true}]}}