{"id":158105,"date":"2025-11-19T20:49:11","date_gmt":"2025-11-19T20:49:11","guid":{"rendered":"https:\/\/www.europesays.com\/pt\/158105\/"},"modified":"2025-11-19T20:49:11","modified_gmt":"2025-11-19T20:49:11","slug":"legislativas-sondagem-revela-que-ad-esta-a-crescer-e-chega-esta-em-queda","status":"publish","type":"post","link":"https:\/\/www.europesays.com\/pt\/158105\/","title":{"rendered":"Legislativas. Sondagem revela que AD est\u00e1 a crescer e Chega est\u00e1 em queda"},"content":{"rendered":"<p>Cinco meses depois das Legislativas, as sondagens de voto revelam que o Partido Socialista (PS) de Jos\u00e9 Lu\u00eds Carneiro est\u00e1 a crescer nas inten\u00e7\u00f5es de voto e j\u00e1 &#8216;passou a perna&#8217; ao Chega. A subida da AD \u00e9, contudo, aquela que mais se evidencia.\u00a0<\/p>\n<p>Segundo uma sondagem da Pitag\u00f3rica sobre as Legislativas, feita para o JN, TSF, TVI e CNN, e publicada esta quarta-feira, n\u00e3o se verificam altera\u00e7\u00f5es substanciais naquelas que continuam a ser as tr\u00eas principais for\u00e7as pol\u00edticas. No entanto, h\u00e1 diferen\u00e7as entre o segundo e o terceiro lugares.<\/p>\n<p>Segundo o estudo, a coliga\u00e7\u00e3o PSD\/CDS liderada pelo primeiro-ministro Lu\u00eds Montenegro cresceu e tem hoje entre 32 e 38% de inten\u00e7\u00f5es de voto, enquanto o Chega perdeu for\u00e7a.<\/p>\n<p>O PS de Jos\u00e9 Lu\u00eds Carneiro, com 26,4% de inten\u00e7\u00f5es de voto, ficou bem acima do partido de Andr\u00e9 Ventura, que apresentou 16,7% de apoio.<\/p>\n<p>J\u00e1 o Livre (5,7%) segue \u00e0 frente da Iniciativa Liberal (5,3%), enquanto o Bloco de Esquerda perde cada vez mais apoiantes (0,7%). Mas tamb\u00e9m a CDU (2,4%) e o PAN (0,9%) perdem meio ponto relativamente \u00e0s Legislativas de 18 de maio.<\/p>\n<p>Em conclus\u00e3o, o PSD \u00e9 o partido que mais cresce, apresentando uma diferen\u00e7a de cerca de 22 pontos percentuais em rela\u00e7\u00e3o \u00e0quele que \u00e9 o seu principal rival \u00e0 Direita. Significa isto que, se as elei\u00e7\u00f5es legislativas fossem agora, a candidatura da AD venceria.\u00a0<\/p>\n<p>Em compara\u00e7\u00e3o com as Legislativas, Lu\u00eds Montenegro apresenta uma subida de 5,8 pontos percentuais, enquanto Jos\u00e9 Lu\u00eds Carneiro sobe 3 pontos. J\u00e1 o Chega cai 5,9 pontos percentuais.<\/p>\n<p>A sondagem foi realizada entre 5 e 14 de novembro e tinha como objetivo avaliar a opini\u00e3o dos portugueses sobre temas relacionados com as elei\u00e7\u00f5es presidenciais de 2026, refere a CNN.<\/p>\n<p>Leia Tamb\u00e9m:\u00a0<a href=\"https:\/\/www.noticiasaominuto.com\/politica\/2889806\/marques-mendes-na-frente-da-escolha-dos-portugueses-cotrim-sobe\" target=\"_blank\" rel=\"noopener noreferrer nofollow\">Marques Mendes na frente, mas praticamente empatado com Gouveia e Melo<\/a><\/p>\n","protected":false},"excerpt":{"rendered":"Cinco meses depois das Legislativas, as sondagens de voto revelam que o Partido Socialista (PS) de Jos\u00e9 Lu\u00eds&hellip;\n","protected":false},"author":2,"featured_media":158106,"comment_status":"","ping_status":"","sticky":false,"template":"","format":"standard","meta":{"footnotes":""},"categories":[50],"tags":[27,28,15,16,14,25,26,21,22,62,12,13,19,20,23,24,17,18,29,30,31,63,64,65],"class_list":{"0":"post-158105","1":"post","2":"type-post","3":"status-publish","4":"format-standard","5":"has-post-thumbnail","7":"category-mundo","8":"tag-breaking-news","9":"tag-breakingnews","10":"tag-featured-news","11":"tag-featurednews","12":"tag-headlines","13":"tag-latest-news","14":"tag-latestnews","15":"tag-main-news","16":"tag-mainnews","17":"tag-mundo","18":"tag-news","19":"tag-noticias","20":"tag-noticias-principais","21":"tag-noticiasprincipais","22":"tag-principais-noticias","23":"tag-principaisnoticias","24":"tag-top-stories","25":"tag-topstories","26":"tag-ultimas","27":"tag-ultimas-noticias","28":"tag-ultimasnoticias","29":"tag-world","30":"tag-world-news","31":"tag-worldnews"},"share_on_mastodon":{"url":"https:\/\/pubeurope.com\/@pt\/115578336946480762","error":""},"_links":{"self":[{"href":"https:\/\/www.europesays.com\/pt\/wp-json\/wp\/v2\/posts\/158105","targetHints":{"allow":["GET"]}}],"collection":[{"href":"https:\/\/www.europesays.com\/pt\/wp-json\/wp\/v2\/posts"}],"about":[{"href":"https:\/\/www.europesays.com\/pt\/wp-json\/wp\/v2\/types\/post"}],"author":[{"embeddable":true,"href":"https:\/\/www.europesays.com\/pt\/wp-json\/wp\/v2\/users\/2"}],"replies":[{"embeddable":true,"href":"https:\/\/www.europesays.com\/pt\/wp-json\/wp\/v2\/comments?post=158105"}],"version-history":[{"count":0,"href":"https:\/\/www.europesays.com\/pt\/wp-json\/wp\/v2\/posts\/158105\/revisions"}],"wp:featuredmedia":[{"embeddable":true,"href":"https:\/\/www.europesays.com\/pt\/wp-json\/wp\/v2\/media\/158106"}],"wp:attachment":[{"href":"https:\/\/www.europesays.com\/pt\/wp-json\/wp\/v2\/media?parent=158105"}],"wp:term":[{"taxonomy":"category","embeddable":true,"href":"https:\/\/www.europesays.com\/pt\/wp-json\/wp\/v2\/categories?post=158105"},{"taxonomy":"post_tag","embeddable":true,"href":"https:\/\/www.europesays.com\/pt\/wp-json\/wp\/v2\/tags?post=158105"}],"curies":[{"name":"wp","href":"https:\/\/api.w.org\/{rel}","templated":true}]}}