{"id":158112,"date":"2025-11-19T20:57:10","date_gmt":"2025-11-19T20:57:10","guid":{"rendered":"https:\/\/www.europesays.com\/pt\/158112\/"},"modified":"2025-11-19T20:57:10","modified_gmt":"2025-11-19T20:57:10","slug":"wicked-2-com-ariana-grande-estreia-nos-cinemas-19-11-2025-cinema","status":"publish","type":"post","link":"https:\/\/www.europesays.com\/pt\/158112\/","title":{"rendered":"Wicked 2, com Ariana Grande, estreia nos cinemas &#8211; 19\/11\/2025 &#8211; Cinema"},"content":{"rendered":"<p>Onze filmes estreiam nos cinemas de S\u00e3o Paulo neste semana. Entre os destaques est\u00e1 &#8220;<a href=\"https:\/\/www1.folha.uol.com.br\/ilustrada\/2025\/11\/como-o-novo-wicked-que-critica-a-sociedade-alienada-faz-retrato-da-politica-de-hoje.shtml\" rel=\"nofollow noopener\" target=\"\">Wicked: Parte 2<\/a>&#8220;, continua\u00e7\u00e3o do sucesso de 2024, com <a href=\"https:\/\/www1.folha.uol.com.br\/folha-topicos\/cynthia-erivo\/\" rel=\"nofollow noopener\" target=\"_blank\">Cynthia Erivo<\/a> e <a href=\"https:\/\/www1.folha.uol.com.br\/folha-topicos\/ariana-grande\/\" rel=\"nofollow noopener\" target=\"_blank\">Ariana Grande<\/a>. Al\u00e9m dele, &#8220;O Sobrevivente&#8221;, com <a href=\"https:\/\/f5.folha.uol.com.br\/cinema-e-series\/2025\/09\/glen-powell-se-enfeia-para-alcancar-a-redencao-em-chad-powers-ha-muito-de-mim-nele.shtml\" rel=\"nofollow noopener\" target=\"\">Glen Powell<\/a>, baseado no livro hom\u00f4nimo do <a href=\"https:\/\/www1.folha.uol.com.br\/ilustrada\/2024\/03\/lembre-7-livros-essenciais-de-stephen-king-que-estreou-na-literatura-ha-50-anos.shtml\" rel=\"nofollow noopener\" target=\"\">Stephen King<\/a>, tamb\u00e9m chega \u00e0s telonas.<\/p>\n<p>A capital paulista recebe dois festivais ao longo da semana: o 16\u00ba Festival de Cinema Franc\u00eas do Brasil, anteriormente conhecido como Varilux, e o 1\u00ba Festival de Cinema Mulheres no <a href=\"https:\/\/www1.folha.uol.com.br\/folha-topicos\/futebol\/\" rel=\"nofollow noopener\" target=\"_blank\">Futebol<\/a>, no <a href=\"https:\/\/guia.folha.uol.com.br\/passeios\/2025\/03\/museu-do-futebol-engaja-publico-com-conteudos-interativos-e-representatividade-feminina.shtml\" rel=\"nofollow noopener\" target=\"\">Museu do Futebol<\/a>.<\/p>\n<p>Veja a agenda de <a href=\"https:\/\/www1.folha.uol.com.br\/folha-topicos\/cinema\/\" rel=\"nofollow noopener\" target=\"\">cinema <\/a>de S\u00e3o Paulo.<\/p>\n<p><b>Amor e Morte em J\u00falio Reny<\/b><br \/>&#13;<br \/>\nBrasil, 2025. Dir.: Fabr\u00edcio Cantanhede. 95 min. 14 anos.<br \/>&#13;<br \/>\nO document\u00e1rio mergulha na vida e obra do m\u00fasico ga\u00facho. Por meio de depoimentos, Reny narra a sua trajet\u00f3ria.<\/p>\n<p><b>Entre Duas Mulheres<\/b><br \/>&#13;<br \/>\nDeux Femmes en Or. Canad\u00e1, 2025. Dir.: Chlo\u00e9 Robichaud. Com: Karine Gonthier-Hyndman, Laurence Leboeuf e F\u00e9lix Moati. 100 min. 14 anos.<br \/>&#13;<br \/>\nViolette e Florence, vizinhas com carreiras de sucesso, enfrentam crises pessoais. Ambas descobrem que a felicidade est\u00e1 logo ali, fora da zona de conforto.<\/p>\n<p><b>Homo Argentum <\/b><br \/>&#13;<br \/>\nHomo Argentum. Argentina, 2025. Dir.: Mariano Cohn e Gast\u00f3n Duprat. Com: Guillermo Francella, Eva De Dominici e Aurora Quattrocchi. 110 min. 12 anos.<br \/>&#13;<br \/>\nS\u00e3o 16 curtas com dura\u00e7\u00e3o de 1 a 12 minutos. Juntos, oferecem uma reflex\u00e3o engra\u00e7ada e cr\u00edtica sobre o contexto argentino atual.<\/p>\n<p>    Para Curtir SP<\/p>\n<p class=\"c-newsletter__subtitle\">Receba no seu email um guia com a programa\u00e7\u00e3o cultural da capital paulista<\/p>\n<p><b>Jay Kelly<\/b><br \/>&#13;<br \/>\nJay Kelly. EUA, 2025. Dir.: Noah Baumbach. Com: George Clooney, Adam Sandler e Laura Dern. 132 min. 12 anos.<br \/>&#13;<br \/>\nO astro de cinema Jay Kelly (George Clooney) e seu agente (Adam Sandler,) s\u00e3o for\u00e7ados a encarar o passado. Ao confrontar os seus relacionamentos, refletem sobre o legado que querem construir.<\/p>\n<p><b>Jujutsu Kaisen &#8211; Execu\u00e7\u00e3o<\/b><br \/>&#13;<br \/>\nJujutsu Kaisen: Execution. Jap\u00e3o, 2025. Dir.: Shouta Goshozono. 90 min. 18 anos.<br \/>&#13;<br \/>\nFaz um compilado da \u00faltima temporada do anime e exibe os dois primeiros epis\u00f3dios da nova temporada. Acompanha o Incidente de Shibuya, um confronto massivo de criaturas malignas contra Yuji Itadori e os feiticeiros jujutsu. Ap\u00f3s a batalha sangrenta, Noritoshi Kamo, o feiticeiro mais cruel da hist\u00f3ria, transforma dez col\u00f4nias no Jap\u00e3o em focos de maldi\u00e7\u00f5es.<\/p>\n<p><b>A Queda do C\u00e9u<\/b><br \/>&#13;<br \/>\nBrasil\/It\u00e1lia, 2024. Dir.: Eryk Rocha e Gabriela Carneiro da Cunha. 108 min. 10 anos.<br \/>&#13;<br \/>\nO document\u00e1rio, que se inspira no livro hom\u00f4nimo de Davi Kopenawa, l\u00edder yanomami, retrata o crucial ritual f\u00fanebre reahu, cerim\u00f4nia para apagar os rastros dos parentes mortos.<\/p>\n<p><b>O Que a Natureza Te Conta<\/b><br \/>&#13;<br \/>\nWhat Does That Nature Say to You. Coreia do Sul, 2025. Dir.: Hong Sang-soo. Com: Kwon Hae-hyo, Park Mi-so e Ha Seong-guk. 108 min. 14 anos.<br \/>&#13;<br \/>\nAp\u00f3s deixar a namorada na casa dela, um jovem poeta passa o dia com a fam\u00edlia da amada. O encontro \u00e9 marcado por conversas, comidas e bebidas.<\/p>\n<p><a href=\"https:\/\/www1.folha.uol.com.br\/ilustrada\/2025\/11\/novo-filme-silvio-santos-e-pobre-e-reforca-que-o-personagem-e-infilmavel.shtml\" rel=\"nofollow noopener\" target=\"\">Silvio Santos Vem <\/a><a href=\"https:\/\/www1.folha.uol.com.br\/ilustrada\/2025\/11\/novo-filme-silvio-santos-e-pobre-e-reforca-que-o-personagem-e-infilmavel.shtml\" rel=\"nofollow noopener\" target=\"\">A\u00ed<\/a>Brasil, 2024. Dir.: Cris D\u2019Amato. Com: Leandro Hassum, Manu Gavassi e Regiane Alves. 91 min. 12 anos.<br \/>&#13;<br \/>\nAborda a candidatura presidencial de Silvio Santos (Leandro Hassum) nas elei\u00e7\u00f5es de 1989. Tamb\u00e9m acompanha uma jornalista (Manu Gavassi) contratada para investigar o apresentador para prevenir ataques pol\u00edticos.<\/p>\n<p><b>O Sobrevivente<\/b><br \/>&#13;<br \/>\nThe Running Man. EUA, 2025. Dir.: Edgard Wright. Com: Glen Powell, Josh Brolin e William H. Macy. 130 min. 18 anos<br \/>&#13;<br \/>\nBen Richards (Glen Powell) decide se juntar a um reality show de sobreviv\u00eancia em que os participantes viajam o mundo enquanto s\u00e3o perseguidos por ca\u00e7adores. \u00c9 inspirado no livro de mesmo nome de Stephen King.<\/p>\n<p><a href=\"https:\/\/www1.folha.uol.com.br\/ilustrada\/2025\/11\/wicked-reve-alegoria-politica-de-o-magico-de-oz-mas-poderia-se-resolver-num-so-filme.shtml\" rel=\"nofollow noopener\" target=\"\">Wicked: Parte <\/a><a href=\"https:\/\/www1.folha.uol.com.br\/ilustrada\/2025\/11\/wicked-reve-alegoria-politica-de-o-magico-de-oz-mas-poderia-se-resolver-num-so-filme.shtml\" rel=\"nofollow noopener\" target=\"\">2<\/a>Wicked: For Good. EUA, 2025. Dir.: Jon M. Chu. Com: Cynthia Erivo, Ariana Grande e Jonathan Bailey. 137 min. 10 anos.<br \/>&#13;<br \/>\nA Bruxa M\u00e1 do Oeste, Elphaba (Cynthia Erivo) est\u00e1 determinada a revelar a verdadeira face do M\u00e1gico. Enquanto isso, Glinda (Ariana Grande) \u00e9 celebrada em todo o reino como s\u00edmbolo de luz e bondade. Quando uma revolta popular coloca Oz em chamas, as antigas amigas precisam escolher entre o poder e a for\u00e7a da verdade.<\/p>\n<p>Reestreia<\/p>\n<p><b>Angel\u2019s Egg<\/b><br \/>&#13;<br \/>\nTenshi No Tamago. Jap\u00e3o, 1985. Dir.: Mamoru Oshii. 71 min. 10 anos.<br \/>&#13;<br \/>\nUma jovem peregrina protege um ovo misterioso. Ao cruzar com um rapaz carregando uma cruz, ela questiona sua f\u00e9.<\/p>\n<p>Eventos<\/p>\n<p><b>1\u00ba Festival de Cinema Mulheres no Futebol<\/b><br \/>&#13;<br \/>\nA primeira edi\u00e7\u00e3o do festival, no Museu do Futebol, acontece entre os dias 27 de novembro a 1\u00ba de dezembro, com 27 filmes em sua programa\u00e7\u00e3o. Entre os destaques da sele\u00e7\u00e3o est\u00e1 &#8220;As Primeiras&#8221;, longa documental sobre as primeiras jogadoras da sele\u00e7\u00e3o feminina brasileira, e &#8220;De Virada&#8221;, que acompanha trajet\u00f3rias de mulheres que transformaram o futebol nacional.<br \/>&#13;<br \/>\nMuseu do Futebol \u2013 p\u00e7a. Charles Miller, s\/n, Pacaembu, regi\u00e3o oeste. De 27\/11 a 1\u00ba\/12. De ter. a dom., das 9h \u00e0s 18h. Ingr.: Gr\u00e1tis<\/p>\n<p><b style=\"font-size: 1em; text-align: inherit;\">16\u00ba Festival de Cinema Franc\u00eas do Brasil<\/b><br \/>&#13;<br \/>\nAntes conhecido como Varilux, o festival re\u00fane 21 filmes franceses. Um dos destaques \u00e9 &#8220;Sonho, Logo Existo&#8221;, dirigido e protagonizado por Pierre Richard, homenageado da edi\u00e7\u00e3o. O filme acompanha o v\u00ednculo entre dois homens de diferentes gera\u00e7\u00f5es. Acontece em cinemas como Cinesystem, Reag Belas Artes,Cine Marquise, entre outros.<br \/>&#13;<br \/>\nDe 27\/11 a 10\/12. Mais informa\u00e7\u00f5es em <a href=\"https:\/\/festivalcinefrances.com.br\/\" rel=\"nofollow noopener\" target=\"_blank\">festivalcinefrances.com.br<\/a><\/p>\n","protected":false},"excerpt":{"rendered":"Onze filmes estreiam nos cinemas de S\u00e3o Paulo neste semana. Entre os destaques est\u00e1 &#8220;Wicked: Parte 2&#8220;, continua\u00e7\u00e3o&hellip;\n","protected":false},"author":2,"featured_media":158113,"comment_status":"","ping_status":"","sticky":false,"template":"","format":"standard","meta":{"footnotes":""},"categories":[140],"tags":[1940,207,470,33831,21898,114,115,33829,33830,147,148,524,13090,761,146,33832,32,33,1741,5069],"class_list":{"0":"post-158112","1":"post","2":"type-post","3":"status-publish","4":"format-standard","5":"has-post-thumbnail","7":"category-filmes","8":"tag-ariana-grande","9":"tag-arte","10":"tag-cinema","11":"tag-cinema-francs","12":"tag-cynthia-erivo","13":"tag-entertainment","14":"tag-entretenimento","15":"tag-estreia-cinema","16":"tag-festival-varilux-de-cinema-francs","17":"tag-film","18":"tag-filmes","19":"tag-futebol","20":"tag-glen-powell","21":"tag-guia-folha","22":"tag-movies","23":"tag-museu-do-futebol","24":"tag-portugal","25":"tag-pt","26":"tag-so-paulo","27":"tag-wicked"},"share_on_mastodon":{"url":"https:\/\/pubeurope.com\/@pt\/115578368508049436","error":""},"_links":{"self":[{"href":"https:\/\/www.europesays.com\/pt\/wp-json\/wp\/v2\/posts\/158112","targetHints":{"allow":["GET"]}}],"collection":[{"href":"https:\/\/www.europesays.com\/pt\/wp-json\/wp\/v2\/posts"}],"about":[{"href":"https:\/\/www.europesays.com\/pt\/wp-json\/wp\/v2\/types\/post"}],"author":[{"embeddable":true,"href":"https:\/\/www.europesays.com\/pt\/wp-json\/wp\/v2\/users\/2"}],"replies":[{"embeddable":true,"href":"https:\/\/www.europesays.com\/pt\/wp-json\/wp\/v2\/comments?post=158112"}],"version-history":[{"count":0,"href":"https:\/\/www.europesays.com\/pt\/wp-json\/wp\/v2\/posts\/158112\/revisions"}],"wp:featuredmedia":[{"embeddable":true,"href":"https:\/\/www.europesays.com\/pt\/wp-json\/wp\/v2\/media\/158113"}],"wp:attachment":[{"href":"https:\/\/www.europesays.com\/pt\/wp-json\/wp\/v2\/media?parent=158112"}],"wp:term":[{"taxonomy":"category","embeddable":true,"href":"https:\/\/www.europesays.com\/pt\/wp-json\/wp\/v2\/categories?post=158112"},{"taxonomy":"post_tag","embeddable":true,"href":"https:\/\/www.europesays.com\/pt\/wp-json\/wp\/v2\/tags?post=158112"}],"curies":[{"name":"wp","href":"https:\/\/api.w.org\/{rel}","templated":true}]}}