{"id":158120,"date":"2025-11-19T21:03:40","date_gmt":"2025-11-19T21:03:40","guid":{"rendered":"https:\/\/www.europesays.com\/pt\/158120\/"},"modified":"2025-11-19T21:03:40","modified_gmt":"2025-11-19T21:03:40","slug":"declarado-estado-de-emergencia-em-donetsk-apos-ataques-ucranianos-2","status":"publish","type":"post","link":"https:\/\/www.europesays.com\/pt\/158120\/","title":{"rendered":"Declarado estado de emerg\u00eancia em Donetsk ap\u00f3s ataques ucranianos"},"content":{"rendered":"<p>\u00a9 IRYNA RYBAKOVA\/93RD SEPARATE MECHANIZED BRIGADE &#8220;KHOLODNYI YAR&#8221;\/AFP via Getty Images<\/p>\n<p>&#8220;Como resultado de um ataque maci\u00e7o de drones \u00e0s centrais t\u00e9rmicas de Zuyevskaya e Starobeshevo (&#8230;) que resultou na destrui\u00e7\u00e3o de instala\u00e7\u00f5es de produ\u00e7\u00e3o de energia, \u00e9 declarado o estado de emerg\u00eancia&#8221;, afirmou o decreto, citado pela ag\u00eancia de not\u00edcias russa TASS.<\/p>\n<p>Anteriormente, as autoridades da regi\u00e3o sob tutela de Moscovo tamb\u00e9m comunicaram cortes de \u00e1gua devido aos ataques de Kiev.<\/p>\n<p>Na segunda-feira, ataques com drones ucranianos deixaram cerca de 500.000 habitantes na regi\u00e3o de Donetsk sem eletricidade, informou o governador, Denis Pushilin.<\/p>\n<p>O respons\u00e1vel acrescentou que, enquanto as for\u00e7as ucranianas atacam as estruturas energ\u00e9ticas de Donetsk, as for\u00e7as russas aumentam a sua zona de controlo na linha da frente, incluindo nas proximidades do reduto estrat\u00e9gico de Pokrovsk.<\/p>\n<p>No mesmo dia, a Ag\u00eancia Internacional de Energia At\u00f3mica (AIEA) informou que tr\u00eas reatores de duas centrais nucleares ucranianas est\u00e3o a operar com capacidade reduzida h\u00e1 dez dias, ap\u00f3s um ataque atribu\u00eddo \u00e0 R\u00fassia.<\/p>\n<p>O principal alvo dos ataques em territ\u00f3rio inimigo, segundo as autoridades ucranianas, s\u00e3o as infraestruturas energ\u00e9ticas, contra as quais, nas \u00faltimas semanas, Kiev tem utilizado n\u00e3o s\u00f3 avi\u00f5es n\u00e3o tripulados, mas tamb\u00e9m m\u00edsseis de fabrico pr\u00f3prio.<\/p>\n<p>Estes ataques que visam este tipo de estruturas tem sido recorrente por ambos os lados do conflito, num momento em que se aproxima o inverno que costuma ser rigoroso nesta zona do globo.<\/p>\n<p>Leia Tamb\u00e9m: <a href=\"https:\/\/www.noticiasaominuto.com\/mundo\/2890400\/ucrania-pede-a-russia-43-mil-milhoes-de-compensacao-climatica\" target=\"_blank\" rel=\"noopener noreferrer nofollow\">Ucr\u00e2nia pede \u00e0 R\u00fassia 43 mil milh\u00f5es de compensa\u00e7\u00e3o clim\u00e1tica<\/a><\/p>\n","protected":false},"excerpt":{"rendered":"\u00a9 IRYNA RYBAKOVA\/93RD SEPARATE MECHANIZED BRIGADE &#8220;KHOLODNYI YAR&#8221;\/AFP via Getty Images &#8220;Como resultado de um ataque maci\u00e7o de&hellip;\n","protected":false},"author":2,"featured_media":158121,"comment_status":"","ping_status":"","sticky":false,"template":"","format":"standard","meta":{"footnotes":""},"categories":[50],"tags":[27,28,15,16,14,25,26,21,22,62,12,13,19,20,23,24,17,18,29,30,31,63,64,65],"class_list":{"0":"post-158120","1":"post","2":"type-post","3":"status-publish","4":"format-standard","5":"has-post-thumbnail","7":"category-mundo","8":"tag-breaking-news","9":"tag-breakingnews","10":"tag-featured-news","11":"tag-featurednews","12":"tag-headlines","13":"tag-latest-news","14":"tag-latestnews","15":"tag-main-news","16":"tag-mainnews","17":"tag-mundo","18":"tag-news","19":"tag-noticias","20":"tag-noticias-principais","21":"tag-noticiasprincipais","22":"tag-principais-noticias","23":"tag-principaisnoticias","24":"tag-top-stories","25":"tag-topstories","26":"tag-ultimas","27":"tag-ultimas-noticias","28":"tag-ultimasnoticias","29":"tag-world","30":"tag-world-news","31":"tag-worldnews"},"share_on_mastodon":{"url":"https:\/\/pubeurope.com\/@pt\/115578391987155772","error":""},"_links":{"self":[{"href":"https:\/\/www.europesays.com\/pt\/wp-json\/wp\/v2\/posts\/158120","targetHints":{"allow":["GET"]}}],"collection":[{"href":"https:\/\/www.europesays.com\/pt\/wp-json\/wp\/v2\/posts"}],"about":[{"href":"https:\/\/www.europesays.com\/pt\/wp-json\/wp\/v2\/types\/post"}],"author":[{"embeddable":true,"href":"https:\/\/www.europesays.com\/pt\/wp-json\/wp\/v2\/users\/2"}],"replies":[{"embeddable":true,"href":"https:\/\/www.europesays.com\/pt\/wp-json\/wp\/v2\/comments?post=158120"}],"version-history":[{"count":0,"href":"https:\/\/www.europesays.com\/pt\/wp-json\/wp\/v2\/posts\/158120\/revisions"}],"wp:featuredmedia":[{"embeddable":true,"href":"https:\/\/www.europesays.com\/pt\/wp-json\/wp\/v2\/media\/158121"}],"wp:attachment":[{"href":"https:\/\/www.europesays.com\/pt\/wp-json\/wp\/v2\/media?parent=158120"}],"wp:term":[{"taxonomy":"category","embeddable":true,"href":"https:\/\/www.europesays.com\/pt\/wp-json\/wp\/v2\/categories?post=158120"},{"taxonomy":"post_tag","embeddable":true,"href":"https:\/\/www.europesays.com\/pt\/wp-json\/wp\/v2\/tags?post=158120"}],"curies":[{"name":"wp","href":"https:\/\/api.w.org\/{rel}","templated":true}]}}