{"id":158145,"date":"2025-11-19T21:43:09","date_gmt":"2025-11-19T21:43:09","guid":{"rendered":"https:\/\/www.europesays.com\/pt\/158145\/"},"modified":"2025-11-19T21:43:09","modified_gmt":"2025-11-19T21:43:09","slug":"sao-uma-ofensa-jessica-athayde-nao-cala-a-revolta-com-situacao-frustrante-novelas","status":"publish","type":"post","link":"https:\/\/www.europesays.com\/pt\/158145\/","title":{"rendered":"\u00abS\u00e3o uma ofensa\u00bb: Jessica Athayde n\u00e3o cala a revolta com situa\u00e7\u00e3o frustrante &#8211; Novelas"},"content":{"rendered":"<p data-end=\"1858\" data-start=\"136\"><strong data-end=\"163\" data-start=\"136\">A atriz <a href=\"https:\/\/tvi.iol.pt\/novelas\/jessica-athayde\/diogo-amaral\/jessica-athayde-faz-mudanca-de-visual-radical-e-e-altamente-elogiada-estas-uma-brasa\" rel=\"nofollow noopener\" target=\"_blank\">J\u00e9ssica Athayde<\/a> de 41 anos<\/strong>, mulher do ator <strong>Diogo Amara<\/strong>l conhecida pela sua <strong data-end=\"200\" data-start=\"184\">irrever\u00eancia<\/strong>, pelo <strong data-end=\"220\" data-start=\"207\">bom humor<\/strong> e pela rela\u00e7\u00e3o sempre <strong data-end=\"277\" data-start=\"243\">pr\u00f3xima com os seus seguidores<\/strong>, voltou a partilhar um momento do quotidiano que fez muitos f\u00e3s chorarem a rir.<\/p>\n<p data-end=\"1858\" data-start=\"136\">A atriz mostra diariamente como vive o seu dia a dia e as suas rela\u00e7\u00f5es, e decidiu brincar com os <strong data-end=\"513\" data-is-only-node=\"\" data-start=\"459\">guardanapos de papel t\u00edpicos dos caf\u00e9s portugueses<\/strong>, aqueles que, segundo muitos, pouco servem. A atriz explicou que estes guardanapos s\u00e3o, muitas vezes, uma verdadeira afronta aos que usamos em casa e escreveu: <strong data-end=\"907\" data-start=\"674\">\u00abVamos oficializar de uma vez por todas que estes guardanapos s\u00e3o uma OFENSA aos guardanapos de verdade? N\u00e3o servem para absolutamente nada. Isto \u00e9 a minha irrita\u00e7\u00e3o do dia e podem ver na imagem dois a minha felicidade do dia \u2764\ufe0f\u00bb<\/strong>.<\/p>\n<blockquote class=\"instagram-media\" data-instgrm-captioned=\"\" data-instgrm-permalink=\"https:\/\/www.instagram.com\/p\/DRKdsURCOLX\/?utm_source=ig_embed&amp;utm_campaign=loading\" data-instgrm-version=\"14\" style=\" background:#FFF; border:0; border-radius:3px; box-shadow:0 0 1px 0 rgba(0,0,0,0.5),0 1px 10px 0 rgba(0,0,0,0.15); margin: 1px; max-width:540px; min-width:326px; padding:0; width:99.375%; width:-webkit-calc(100% - 2px); width:calc(100% - 2px);\">\n<\/blockquote>\n<p data-end=\"1858\" data-start=\"136\">A publica\u00e7\u00e3o gerou uma onda de rea\u00e7\u00f5es divertidas, incluindo a do seu marido, o ator <strong data-end=\"1010\" data-start=\"994\">Diogo Amaral<\/strong>, que comentou: <strong data-end=\"1091\" data-start=\"1026\">\u00abTens um marido que te d\u00e1 amor e felicidade todos os dias \ud83d\ude02\u00bb<\/strong>. Outros seguidores juntaram-se \u00e0 brincadeira com mensagens como <strong data-end=\"1194\" data-start=\"1156\">\u00abObrigada, por dar voz a esta dor\u00bb<\/strong>, <strong data-end=\"1227\" data-start=\"1196\">\u00abAt\u00e9 me d\u00e3o arrepios! \ud83d\ude02\ud83d\ude02\u00bb<\/strong>, <strong data-end=\"1367\" data-start=\"1229\">\u00abDesculpa mas s\u00e3o um cl\u00e1ssico! S\u00e3o sempre precisos 20 para limpar os dedos da manteiga da torrada and i wouldnt want it any other way\u00bb<\/strong> e <strong data-end=\"1432\" data-start=\"1370\">\u00abAhahahha em diversos s\u00edtios pe\u00e7o guardanapos verdadeiros\u00bb<\/strong>, entre milhares de observa\u00e7\u00f5es humor\u00edsticas que demonstram o quanto os portugueses se identificam com esta situa\u00e7\u00e3o t\u00e3o simples e quotidiana.<\/p>\n<p data-end=\"1858\" data-start=\"136\">Mais uma vez, J\u00e9ssica Athayde mostrou porque continua a ser uma das figuras p\u00fablicas mais acarinhadas: a sua <strong data-end=\"1701\" data-start=\"1684\">autenticidade<\/strong>, a sua <strong data-end=\"1727\" data-start=\"1709\">espontaneidade<\/strong> e a sua capacidade de transformar pequenos momentos em grandes gargalhadas refor\u00e7am o la\u00e7o especial que mant\u00e9m com quem a segue.<\/p>\n<p data-end=\"1858\" data-start=\"136\">Reveja aqui um dos videos mais pol\u00e9micos da atriz sobre maternidade e sexo ap\u00f3s gravidez:<\/p>\n<p>                        <script async src=\"\/\/www.instagram.com\/embed.js\"><\/script><\/p>\n","protected":false},"excerpt":{"rendered":"A atriz J\u00e9ssica Athayde de 41 anos, mulher do ator Diogo Amaral conhecida pela sua irrever\u00eancia, pelo bom&hellip;\n","protected":false},"author":2,"featured_media":158146,"comment_status":"","ping_status":"","sticky":false,"template":"","format":"standard","meta":{"footnotes":""},"categories":[142],"tags":[160,166,2663,114,115,157,167,33833,11436,164,161,158,165,159,32,33,156,163,151,162],"class_list":{"0":"post-158145","1":"post","2":"type-post","3":"status-publish","4":"format-standard","5":"has-post-thumbnail","7":"category-tv","8":"tag-ana-guiomar","9":"tag-cristina-ferreira","10":"tag-diogo-amaral","11":"tag-entertainment","12":"tag-entretenimento","13":"tag-festa-e-festa","14":"tag-ficcao","15":"tag-guardanapos","16":"tag-jessica-athayde","17":"tag-jose-fidalgo","18":"tag-novelas","19":"tag-para-sempre","20":"tag-pedro-sousa","21":"tag-pedro-teixeira","22":"tag-portugal","23":"tag-pt","24":"tag-queridos-papas","25":"tag-tiago-teotonio-pereira","26":"tag-tv","27":"tag-tvi"},"share_on_mastodon":{"url":"https:\/\/pubeurope.com\/@pt\/115578549416997215","error":""},"_links":{"self":[{"href":"https:\/\/www.europesays.com\/pt\/wp-json\/wp\/v2\/posts\/158145","targetHints":{"allow":["GET"]}}],"collection":[{"href":"https:\/\/www.europesays.com\/pt\/wp-json\/wp\/v2\/posts"}],"about":[{"href":"https:\/\/www.europesays.com\/pt\/wp-json\/wp\/v2\/types\/post"}],"author":[{"embeddable":true,"href":"https:\/\/www.europesays.com\/pt\/wp-json\/wp\/v2\/users\/2"}],"replies":[{"embeddable":true,"href":"https:\/\/www.europesays.com\/pt\/wp-json\/wp\/v2\/comments?post=158145"}],"version-history":[{"count":0,"href":"https:\/\/www.europesays.com\/pt\/wp-json\/wp\/v2\/posts\/158145\/revisions"}],"wp:featuredmedia":[{"embeddable":true,"href":"https:\/\/www.europesays.com\/pt\/wp-json\/wp\/v2\/media\/158146"}],"wp:attachment":[{"href":"https:\/\/www.europesays.com\/pt\/wp-json\/wp\/v2\/media?parent=158145"}],"wp:term":[{"taxonomy":"category","embeddable":true,"href":"https:\/\/www.europesays.com\/pt\/wp-json\/wp\/v2\/categories?post=158145"},{"taxonomy":"post_tag","embeddable":true,"href":"https:\/\/www.europesays.com\/pt\/wp-json\/wp\/v2\/tags?post=158145"}],"curies":[{"name":"wp","href":"https:\/\/api.w.org\/{rel}","templated":true}]}}