{"id":158147,"date":"2025-11-19T21:44:13","date_gmt":"2025-11-19T21:44:13","guid":{"rendered":"https:\/\/www.europesays.com\/pt\/158147\/"},"modified":"2025-11-19T21:44:13","modified_gmt":"2025-11-19T21:44:13","slug":"calema-d-a-m-a-e-richie-campbell-vao-atuar-nos-premios-ipma-dos-eua","status":"publish","type":"post","link":"https:\/\/www.europesays.com\/pt\/158147\/","title":{"rendered":"Calema, D.A.M.A e Richie Campbell v\u00e3o atuar nos pr\u00e9mios IPMA dos EUA"},"content":{"rendered":"<p>\u00c0s atua\u00e7\u00f5es da dupla de S\u00e3o Tom\u00e9 e Pr\u00edncipe e dos artistas portugueses, juntar-se-\u00e3o ainda o cantor e compositor luso-canadiano Nelson Sobral, a cantora cabo-verdiana-americana radicada em Boston Assol Garcia e o duo portugu\u00eas N\u00e9manus.<\/p>\n<p>A gala, que apresentar\u00e1 uma variedade de g\u00e9neros musicais, decorrer\u00e1 no Providence Performing Arts Center, no estado norte-americano de Rhode Island, em 25 de abril de 2026.<\/p>\n<p>Desde 2013, os IPMA t\u00eam vindo a reconhecer a m\u00fasica produzida no mundo lus\u00f3fono, fornecendo uma plataforma para artistas emergentes e consagrados, num estado norte-americano com forte presen\u00e7a portuguesa.<\/p>\n<p>&#8220;De acordo com um estudo da Universidade de Lisboa, um em cada 12 residentes de Rhode Island tem ascend\u00eancia portuguesa, o que real\u00e7a a profunda liga\u00e7\u00e3o cultural do estado com o mundo lus\u00f3fono&#8221;, indicou a organiza\u00e7\u00e3o dos IPMA num comunicado enviado \u00e0 Lusa.<\/p>\n<p>Naquela que ser\u00e1 uma noite dedicada a celebrar a comunidade, a m\u00fasica e os diversos sons da di\u00e1spora portuguesa, estar\u00e3o em competi\u00e7\u00e3o v\u00e1rias categorias de pr\u00e9mios, onde se inclui rock, rap, fado, pop, melhor videoclipe ou novo talento.<\/p>\n<p>Os artistas de ascend\u00eancia portuguesa que vivam em qualquer parte do mundo t\u00eam at\u00e9 30 de novembro para enviar a sua m\u00fasica ou videoclipe para considera\u00e7\u00e3o de nomea\u00e7\u00e3o.<\/p>\n<p>Os IPMA anunciaram tamb\u00e9m uma parceria com o &#8216;podcast&#8217; &#8220;The Heart &amp; Hustle of Portugal&#8221;. Esta colabora\u00e7\u00e3o apresenta uma temporada especial focada na m\u00fasica, apresentada por Tony Gon\u00e7alves e distribu\u00edda pelo Expresso e pela SIC.<\/p>\n<p>Os epis\u00f3dios semanais ser\u00e3o dedicados a conversas com talentos portugueses, membros da di\u00e1spora e artistas internacionais que partilham uma liga\u00e7\u00e3o significativa com Portugal, entre os quais Dino D&#8217;Santiago, Tim, dos Xutos e Pontap\u00e9s, e DJ Kura, indicou ainda a organiza\u00e7\u00e3o dos IPMA.<\/p>\n<p>Leia Tamb\u00e9m: <a href=\"https:\/\/www.noticiasaominuto.com\/cultura\/2883488\/legends-day-rod-stewart-confirmado-para-o-rock-in-rio-lisboa\" target=\"_blank\" rel=\"noreferrer noopener nofollow\">&#8216;Legends Day&#8217;: Rod Stewart confirmado para o Rock in Rio Lisboa<\/a><\/p>\n","protected":false},"excerpt":{"rendered":"\u00c0s atua\u00e7\u00f5es da dupla de S\u00e3o Tom\u00e9 e Pr\u00edncipe e dos artistas portugueses, juntar-se-\u00e3o ainda o cantor e&hellip;\n","protected":false},"author":2,"featured_media":158148,"comment_status":"","ping_status":"","sticky":false,"template":"","format":"standard","meta":{"footnotes":""},"categories":[141],"tags":[114,115,149,150,32,33],"class_list":{"0":"post-158147","1":"post","2":"type-post","3":"status-publish","4":"format-standard","5":"has-post-thumbnail","7":"category-musica","8":"tag-entertainment","9":"tag-entretenimento","10":"tag-music","11":"tag-musica","12":"tag-portugal","13":"tag-pt"},"share_on_mastodon":{"url":"https:\/\/pubeurope.com\/@pt\/115578553194703216","error":""},"_links":{"self":[{"href":"https:\/\/www.europesays.com\/pt\/wp-json\/wp\/v2\/posts\/158147","targetHints":{"allow":["GET"]}}],"collection":[{"href":"https:\/\/www.europesays.com\/pt\/wp-json\/wp\/v2\/posts"}],"about":[{"href":"https:\/\/www.europesays.com\/pt\/wp-json\/wp\/v2\/types\/post"}],"author":[{"embeddable":true,"href":"https:\/\/www.europesays.com\/pt\/wp-json\/wp\/v2\/users\/2"}],"replies":[{"embeddable":true,"href":"https:\/\/www.europesays.com\/pt\/wp-json\/wp\/v2\/comments?post=158147"}],"version-history":[{"count":0,"href":"https:\/\/www.europesays.com\/pt\/wp-json\/wp\/v2\/posts\/158147\/revisions"}],"wp:featuredmedia":[{"embeddable":true,"href":"https:\/\/www.europesays.com\/pt\/wp-json\/wp\/v2\/media\/158148"}],"wp:attachment":[{"href":"https:\/\/www.europesays.com\/pt\/wp-json\/wp\/v2\/media?parent=158147"}],"wp:term":[{"taxonomy":"category","embeddable":true,"href":"https:\/\/www.europesays.com\/pt\/wp-json\/wp\/v2\/categories?post=158147"},{"taxonomy":"post_tag","embeddable":true,"href":"https:\/\/www.europesays.com\/pt\/wp-json\/wp\/v2\/tags?post=158147"}],"curies":[{"name":"wp","href":"https:\/\/api.w.org\/{rel}","templated":true}]}}