{"id":15815,"date":"2025-08-04T16:40:09","date_gmt":"2025-08-04T16:40:09","guid":{"rendered":"https:\/\/www.europesays.com\/pt\/15815\/"},"modified":"2025-08-04T16:40:09","modified_gmt":"2025-08-04T16:40:09","slug":"baba-da-filha-de-virginia-fonseca-comemora-oportunidade-de-viajar-para-dubai-nunca-imaginei","status":"publish","type":"post","link":"https:\/\/www.europesays.com\/pt\/15815\/","title":{"rendered":"Bab\u00e1 da filha de Virginia Fonseca comemora oportunidade de viajar para Dubai: &#8216;Nunca imaginei&#8217;"},"content":{"rendered":"\n<p class=\" content-text__container theme-color-primary-first-letter\" data-track-category=\"Link no Texto\" data-track-links=\"\"> <strong>Renata Fabrini<\/strong>, bab\u00e1 de <strong>Maria Alice<\/strong>, de 4 anos, primog\u00eanita de <a class=\"\" href=\"https:\/\/revistaquem.globo.com\/famoso\/virginia-fonseca\/\" rel=\"nofollow noopener\" target=\"_blank\">Virginia Fonseca<\/a>, celebrou a chance de viajar para Dubai em um post no Instagram. &#8220;Meu trabalho me leva a lugares que nunca imaginei ir\u2026&#8221;, postou a profissional, conhecida como Tia Rer\u00ea pelos f\u00e3s da infuenciadora, e seguida por quase 300 mil pessoas na rede social. Os internautas elogiaram as imagens. &#8220;Merecido, tia Rer\u00ea&#8230; Por cuidar t\u00e3o bem da tota Alice&#8221;, escreveu uma seguidora. &#8220;Parab\u00e9ns, tia Renata! Muito bom quando somos tratados com respeito, educa\u00e7\u00e3o e amor!&#8221;, elogiou outra. <\/p>\n","protected":false},"excerpt":{"rendered":"Renata Fabrini, bab\u00e1 de Maria Alice, de 4 anos, primog\u00eanita de Virginia Fonseca, celebrou a chance de viajar&hellip;\n","protected":false},"author":2,"featured_media":15816,"comment_status":"","ping_status":"","sticky":false,"template":"","format":"standard","meta":{"footnotes":""},"categories":[141],"tags":[114,115,149,150,32,33,1446],"class_list":{"0":"post-15815","1":"post","2":"type-post","3":"status-publish","4":"format-standard","5":"has-post-thumbnail","7":"category-musica","8":"tag-entertainment","9":"tag-entretenimento","10":"tag-music","11":"tag-musica","12":"tag-portugal","13":"tag-pt","14":"tag-virginia-fonseca"},"share_on_mastodon":{"url":"","error":""},"_links":{"self":[{"href":"https:\/\/www.europesays.com\/pt\/wp-json\/wp\/v2\/posts\/15815","targetHints":{"allow":["GET"]}}],"collection":[{"href":"https:\/\/www.europesays.com\/pt\/wp-json\/wp\/v2\/posts"}],"about":[{"href":"https:\/\/www.europesays.com\/pt\/wp-json\/wp\/v2\/types\/post"}],"author":[{"embeddable":true,"href":"https:\/\/www.europesays.com\/pt\/wp-json\/wp\/v2\/users\/2"}],"replies":[{"embeddable":true,"href":"https:\/\/www.europesays.com\/pt\/wp-json\/wp\/v2\/comments?post=15815"}],"version-history":[{"count":0,"href":"https:\/\/www.europesays.com\/pt\/wp-json\/wp\/v2\/posts\/15815\/revisions"}],"wp:featuredmedia":[{"embeddable":true,"href":"https:\/\/www.europesays.com\/pt\/wp-json\/wp\/v2\/media\/15816"}],"wp:attachment":[{"href":"https:\/\/www.europesays.com\/pt\/wp-json\/wp\/v2\/media?parent=15815"}],"wp:term":[{"taxonomy":"category","embeddable":true,"href":"https:\/\/www.europesays.com\/pt\/wp-json\/wp\/v2\/categories?post=15815"},{"taxonomy":"post_tag","embeddable":true,"href":"https:\/\/www.europesays.com\/pt\/wp-json\/wp\/v2\/tags?post=15815"}],"curies":[{"name":"wp","href":"https:\/\/api.w.org\/{rel}","templated":true}]}}