{"id":158171,"date":"2025-11-19T22:12:19","date_gmt":"2025-11-19T22:12:19","guid":{"rendered":"https:\/\/www.europesays.com\/pt\/158171\/"},"modified":"2025-11-19T22:12:19","modified_gmt":"2025-11-19T22:12:19","slug":"a-proxima-digressao-sera-a-ultima-por-muito-muito-tempo","status":"publish","type":"post","link":"https:\/\/www.europesays.com\/pt\/158171\/","title":{"rendered":"a pr\u00f3xima digress\u00e3o ser\u00e1 a \u00faltima \u201cpor muito, muito tempo\u201d"},"content":{"rendered":"<p dir=\"ltr\">No final do ver\u00e3o, Ariana Grande anunciou uma s\u00e9rie de concertos para 2026. Mas a digress\u00e3o \u201cEternal Sunshine\u201d, que vai passar pelos Estados Unidos e por Londres (10 concertos na The 02 Arena), poder\u00e1 ser uma das \u00faltimas oportunidades para os f\u00e3s verem a cantora ao vivo.<\/p>\n<p dir=\"ltr\">Em entrevista no podcast \u201cGood Hang\u201d, de Amy Poehler, a artista revelou que a pr\u00f3xima digress\u00e3o ser\u00e1 a sua \u00faltima no futuro pr\u00f3ximo. \u201cVou fazer um pequeno conjunto de concertos no pr\u00f3ximo ano, porque isso foi algo que me pareceu realmente genu\u00edno\u201d, come\u00e7ou por explicar Ariana Grande.<\/p>\n<p dir=\"ltr\">\u201cA minha carreira pop passou a dominar a minha vida de certa forma. Sinto-me muito privilegiada e grata por perceber que pode haver espa\u00e7o para diferentes empreendimentos criativos\u2026 Os \u00faltimos 10 ou 15 anos ser\u00e3o muito diferentes dos que a\u00ed v\u00eam\u201d, adiantou.<\/p>\n<p dir=\"ltr\">\u201cN\u00e3o quero dizer nada de forma definitiva (&#8230;) Sei que estou muito entusiasmada por fazer esta pequena digress\u00e3o, mas acho que poder\u00e1 n\u00e3o voltar a acontecer durante muito, muito, muito, muito tempo. Por isso, vou dar tudo. Acho que \u00e9 por isso que a estou a fazer, porque penso: \u2018Um \u00faltimo hurrah. Por agora\u201d, explicou a cantora no podcast.<\/p>\n<p>\u00a0<\/p>\n","protected":false},"excerpt":{"rendered":"No final do ver\u00e3o, Ariana Grande anunciou uma s\u00e9rie de concertos para 2026. Mas a digress\u00e3o \u201cEternal Sunshine\u201d,&hellip;\n","protected":false},"author":2,"featured_media":158172,"comment_status":"","ping_status":"","sticky":false,"template":"","format":"standard","meta":{"footnotes":""},"categories":[141],"tags":[114,115,149,150,32,33],"class_list":{"0":"post-158171","1":"post","2":"type-post","3":"status-publish","4":"format-standard","5":"has-post-thumbnail","7":"category-musica","8":"tag-entertainment","9":"tag-entretenimento","10":"tag-music","11":"tag-musica","12":"tag-portugal","13":"tag-pt"},"share_on_mastodon":{"url":"https:\/\/pubeurope.com\/@pt\/115578663253733089","error":""},"_links":{"self":[{"href":"https:\/\/www.europesays.com\/pt\/wp-json\/wp\/v2\/posts\/158171","targetHints":{"allow":["GET"]}}],"collection":[{"href":"https:\/\/www.europesays.com\/pt\/wp-json\/wp\/v2\/posts"}],"about":[{"href":"https:\/\/www.europesays.com\/pt\/wp-json\/wp\/v2\/types\/post"}],"author":[{"embeddable":true,"href":"https:\/\/www.europesays.com\/pt\/wp-json\/wp\/v2\/users\/2"}],"replies":[{"embeddable":true,"href":"https:\/\/www.europesays.com\/pt\/wp-json\/wp\/v2\/comments?post=158171"}],"version-history":[{"count":0,"href":"https:\/\/www.europesays.com\/pt\/wp-json\/wp\/v2\/posts\/158171\/revisions"}],"wp:featuredmedia":[{"embeddable":true,"href":"https:\/\/www.europesays.com\/pt\/wp-json\/wp\/v2\/media\/158172"}],"wp:attachment":[{"href":"https:\/\/www.europesays.com\/pt\/wp-json\/wp\/v2\/media?parent=158171"}],"wp:term":[{"taxonomy":"category","embeddable":true,"href":"https:\/\/www.europesays.com\/pt\/wp-json\/wp\/v2\/categories?post=158171"},{"taxonomy":"post_tag","embeddable":true,"href":"https:\/\/www.europesays.com\/pt\/wp-json\/wp\/v2\/tags?post=158171"}],"curies":[{"name":"wp","href":"https:\/\/api.w.org\/{rel}","templated":true}]}}