{"id":158180,"date":"2025-11-19T22:25:11","date_gmt":"2025-11-19T22:25:11","guid":{"rendered":"https:\/\/www.europesays.com\/pt\/158180\/"},"modified":"2025-11-19T22:25:11","modified_gmt":"2025-11-19T22:25:11","slug":"nunca-antes-visto-leandro-carrega-no-botao-para-todos-os-segredos-da-casa-secret-story","status":"publish","type":"post","link":"https:\/\/www.europesays.com\/pt\/158180\/","title":{"rendered":"Nunca antes visto: Leandro carrega no bot\u00e3o para todos os segredos da casa &#8211; Secret Story"},"content":{"rendered":"<p>No Secret Story 9, Leandro conquistou um\u00a0Buzz\u00a0gr\u00e1tis e a Voz prop\u00f5e um momento in\u00e9dito do\u00a0Secret Story, a possibilidade de um concorrente revelar todos os segredos da casa. Um a um, a Voz chama todos os concorrentes que, posteriormente s\u00e3o confrontados pelo Leandro.\u00a0<\/p>\n<p><strong>Esta semana, h\u00e1 cinco concorrentes em risco de expuls\u00e3o j\u00e1 no pr\u00f3ximo domingo.<\/strong><\/p>\n<p>VOTE PARA SALVAR:<\/p>\n<p>ANA \u2013 761 20 20 01<br \/>F\u00c1BIO \u2013 761 20 20 08<br \/>IN\u00caS \u2013 761 20 20 10<br \/>LILIANA \u2013 761 20 20 14<br \/>MARISA SUSANA &#8211; 761 20 20 17<\/p>\n<p><a href=\"https:\/\/tvi.iol.pt\/secretstory\/aominuto\" wbo-id=\"32\" rel=\"nofollow noopener\" target=\"_blank\">Acompanhe ao minuto tudo o que se passa na casa mais vigiada do Pa\u00eds!<\/a><\/p>\n","protected":false},"excerpt":{"rendered":"No Secret Story 9, Leandro conquistou um\u00a0Buzz\u00a0gr\u00e1tis e a Voz prop\u00f5e um momento in\u00e9dito do\u00a0Secret Story, a possibilidade&hellip;\n","protected":false},"author":2,"featured_media":158181,"comment_status":"","ping_status":"","sticky":false,"template":"","format":"standard","meta":{"footnotes":""},"categories":[142],"tags":[114,115,19033,12397,19034,32,33,151,19032],"class_list":{"0":"post-158180","1":"post","2":"type-post","3":"status-publish","4":"format-standard","5":"has-post-thumbnail","7":"category-tv","8":"tag-entertainment","9":"tag-entretenimento","10":"tag-galas-em-video","11":"tag-leandro","12":"tag-melhores-momentos-casa-dos-segredos","13":"tag-portugal","14":"tag-pt","15":"tag-tv","16":"tag-videos-secret-story-tvi"},"share_on_mastodon":{"url":"https:\/\/pubeurope.com\/@pt\/115578714428312031","error":""},"_links":{"self":[{"href":"https:\/\/www.europesays.com\/pt\/wp-json\/wp\/v2\/posts\/158180","targetHints":{"allow":["GET"]}}],"collection":[{"href":"https:\/\/www.europesays.com\/pt\/wp-json\/wp\/v2\/posts"}],"about":[{"href":"https:\/\/www.europesays.com\/pt\/wp-json\/wp\/v2\/types\/post"}],"author":[{"embeddable":true,"href":"https:\/\/www.europesays.com\/pt\/wp-json\/wp\/v2\/users\/2"}],"replies":[{"embeddable":true,"href":"https:\/\/www.europesays.com\/pt\/wp-json\/wp\/v2\/comments?post=158180"}],"version-history":[{"count":0,"href":"https:\/\/www.europesays.com\/pt\/wp-json\/wp\/v2\/posts\/158180\/revisions"}],"wp:featuredmedia":[{"embeddable":true,"href":"https:\/\/www.europesays.com\/pt\/wp-json\/wp\/v2\/media\/158181"}],"wp:attachment":[{"href":"https:\/\/www.europesays.com\/pt\/wp-json\/wp\/v2\/media?parent=158180"}],"wp:term":[{"taxonomy":"category","embeddable":true,"href":"https:\/\/www.europesays.com\/pt\/wp-json\/wp\/v2\/categories?post=158180"},{"taxonomy":"post_tag","embeddable":true,"href":"https:\/\/www.europesays.com\/pt\/wp-json\/wp\/v2\/tags?post=158180"}],"curies":[{"name":"wp","href":"https:\/\/api.w.org\/{rel}","templated":true}]}}