{"id":158194,"date":"2025-11-19T22:42:09","date_gmt":"2025-11-19T22:42:09","guid":{"rendered":"https:\/\/www.europesays.com\/pt\/158194\/"},"modified":"2025-11-19T22:42:09","modified_gmt":"2025-11-19T22:42:09","slug":"benfica-lukebakio-sofre-fratura-no-tornozelo-e-vai-parar-tres-meses","status":"publish","type":"post","link":"https:\/\/www.europesays.com\/pt\/158194\/","title":{"rendered":"Benfica: Lukebakio sofre fratura no tornozelo e vai parar tr\u00eas meses"},"content":{"rendered":"<p>M\u00e1s not\u00edcias para o Benfica!\u00a0Dodi Lukebakio sofreu uma fratura do tornozelo esquerdo e vai ser operado, anunciaram os encarnados nesta quarta-feira.<\/p>\n<p>Embora o clube da Luz n\u00e3o tenha especificado o tempo de paragem, o <strong>Maisfutebol <\/strong>sabe que o extremo de 28 anos vai parar tr\u00eas meses, ou seja, s\u00f3 volta a jogar em 2026.<\/p>\n<p><strong><a href=\"https:\/\/maisfutebol.iol.pt\/internacional\/belgica\/atencao-benfica-belgica-sela-apuramento-e-lukebakio-sai-lesionado\" target=\"_blank\" rel=\"nofollow noopener\">A les\u00e3o foi contra\u00edda na goleada frente ao\u00a0Liechtenstein\u00a0(7-0)<\/a><\/strong>, na ter\u00e7a-feira, num jogo em que Lukebakio esteve em campo por apenas alguns momentos. Lan\u00e7ado aos\u00a071 minutos, o extremo teve de deixar o relvado cerca de um quarto de hora depois, com algumas queixas.<\/p>\n<p>De relembrar que o Benfica j\u00e1 tinha informado <strong><a href=\"http:\/\/maisfutebol.iol.pt\/taca-de-portugal\/benfica\/benfica-lukebakio-vai-cumprir-jogo-de-suspensao-diante-do-atletico-cp\" target=\"_blank\" rel=\"nofollow noopener\">que o belga n\u00e3o iria defrontar o Atl\u00e9tico CP, nos 16avos da Ta\u00e7a de Portugal, devido a um vermelho recebido enquanto representava o Sevilha<\/a><\/strong>.<\/p>\n","protected":false},"excerpt":{"rendered":"M\u00e1s not\u00edcias para o Benfica!\u00a0Dodi Lukebakio sofreu uma fratura do tornozelo esquerdo e vai ser operado, anunciaram os&hellip;\n","protected":false},"author":2,"featured_media":158195,"comment_status":"","ping_status":"","sticky":false,"template":"","format":"standard","meta":{"footnotes":""},"categories":[87],"tags":[3917,51,135,15191,2613,15653,46,32,33,47,134],"class_list":{"0":"post-158194","1":"post","2":"type-post","3":"status-publish","4":"format-standard","5":"has-post-thumbnail","7":"category-desporto","8":"tag-belgica","9":"tag-benfica","10":"tag-desporto","11":"tag-dodi-lukebakio","12":"tag-lesao","13":"tag-lukebakio","14":"tag-maisfutebol","15":"tag-portugal","16":"tag-pt","17":"tag-pura-paixao","18":"tag-sports"},"share_on_mastodon":{"url":"https:\/\/pubeurope.com\/@pt\/115578781252533537","error":""},"_links":{"self":[{"href":"https:\/\/www.europesays.com\/pt\/wp-json\/wp\/v2\/posts\/158194","targetHints":{"allow":["GET"]}}],"collection":[{"href":"https:\/\/www.europesays.com\/pt\/wp-json\/wp\/v2\/posts"}],"about":[{"href":"https:\/\/www.europesays.com\/pt\/wp-json\/wp\/v2\/types\/post"}],"author":[{"embeddable":true,"href":"https:\/\/www.europesays.com\/pt\/wp-json\/wp\/v2\/users\/2"}],"replies":[{"embeddable":true,"href":"https:\/\/www.europesays.com\/pt\/wp-json\/wp\/v2\/comments?post=158194"}],"version-history":[{"count":0,"href":"https:\/\/www.europesays.com\/pt\/wp-json\/wp\/v2\/posts\/158194\/revisions"}],"wp:featuredmedia":[{"embeddable":true,"href":"https:\/\/www.europesays.com\/pt\/wp-json\/wp\/v2\/media\/158195"}],"wp:attachment":[{"href":"https:\/\/www.europesays.com\/pt\/wp-json\/wp\/v2\/media?parent=158194"}],"wp:term":[{"taxonomy":"category","embeddable":true,"href":"https:\/\/www.europesays.com\/pt\/wp-json\/wp\/v2\/categories?post=158194"},{"taxonomy":"post_tag","embeddable":true,"href":"https:\/\/www.europesays.com\/pt\/wp-json\/wp\/v2\/tags?post=158194"}],"curies":[{"name":"wp","href":"https:\/\/api.w.org\/{rel}","templated":true}]}}