{"id":158198,"date":"2025-11-19T22:46:24","date_gmt":"2025-11-19T22:46:24","guid":{"rendered":"https:\/\/www.europesays.com\/pt\/158198\/"},"modified":"2025-11-19T22:46:24","modified_gmt":"2025-11-19T22:46:24","slug":"qual-o-valor-que-vai-receber-da-seguranca-social","status":"publish","type":"post","link":"https:\/\/www.europesays.com\/pt\/158198\/","title":{"rendered":"qual o valor que vai receber da Seguran\u00e7a Social?"},"content":{"rendered":"<p>O Abono de Fam\u00edlia \u00e9 uma das principais presta\u00e7\u00f5es atribu\u00eddas pela Seguran\u00e7a Social para apoiar as fam\u00edlias com crian\u00e7as e jovens. Saiba o valor estimado que pode receber.<\/p>\n<p><a target=\"_blank\" href=\"https:\/\/pplware.sapo.pt\/wp-content\/uploads\/2025\/11\/moedas_00.jpg\" onclick=\"refreshIframe()\" class=\"foobox\" rel=\"nofollow noopener\"><img fetchpriority=\"high\" decoding=\"async\" src=\"https:\/\/www.europesays.com\/pt\/wp-content\/uploads\/2025\/11\/moedas_00-720x405.jpg\" alt=\"\" width=\"720\" height=\"405\" class=\"aligncenter size-medium wp-image-1089366\"  \/><\/a>\n<\/p>\n<p>Novo simulador de Abono de Fam\u00edlia<\/p>\n<p>O novo simulador de Abono de Fam\u00edlia, dispon\u00edvel no Portal da Seguran\u00e7a Social, permite-lhe estimar o valor da presta\u00e7\u00e3o a que poder\u00e1 vir a ter direito.<\/p>\n<p>Neste c\u00e1lculo est\u00e3o consideradas as seguintes presta\u00e7\u00f5es:<\/p>\n<ul>\n<li>Abono de Fam\u00edlia para Crian\u00e7as e Jovens<\/li>\n<li>Bonifica\u00e7\u00e3o do Abono de Fam\u00edlia para Crian\u00e7as e Jovens com Defici\u00eancia<\/li>\n<li>Garantia para a Inf\u00e2ncia.<\/li>\n<\/ul>\n<p><a target=\"_blank\" href=\"https:\/\/pplware.sapo.pt\/wp-content\/uploads\/2024\/03\/bebe-3.jpg\" onclick=\"refreshIframe()\" class=\"foobox\" rel=\"nofollow noopener\"><img loading=\"lazy\" decoding=\"async\" src=\"https:\/\/www.europesays.com\/pt\/wp-content\/uploads\/2025\/11\/bebe-3-720x405.jpg\" alt=\"\" width=\"720\" height=\"405\" class=\"aligncenter size-medium wp-image-979556\"  \/><\/a><\/p>\n<p>Em 2025, os valores foram atualizados, com especial refor\u00e7o para as crian\u00e7as at\u00e9 aos 36 meses e para os agregados com rendimentos mais baixos. O montante final a receber depende do escal\u00e3o de rendimentos, da idade da crian\u00e7a e das eventuais majora\u00e7\u00f5es aplic\u00e1veis, garantindo um sistema mais ajustado \u00e0 realidade econ\u00f3mica de cada fam\u00edlia.<\/p>\n<p>Para saber exatamente quanto ir\u00e1 receber, a melhor op\u00e7\u00e3o \u00e9 recorrer ao simulador oficial da Seguran\u00e7a Social, que apresenta um c\u00e1lculo personalizado e atualizado.<\/p>\n<p><a target=\"_blank\" class=\"wpcmsdev-button color-red\" href=\"https:\/\/www.seg-social.pt\/ptss\/sps\/simulador\/6\" rel=\"nofollow noopener\">Abono de Fam\u00edlia<\/a><\/p>\n","protected":false},"excerpt":{"rendered":"O Abono de Fam\u00edlia \u00e9 uma das principais presta\u00e7\u00f5es atribu\u00eddas pela Seguran\u00e7a Social para apoiar as fam\u00edlias com&hellip;\n","protected":false},"author":2,"featured_media":158199,"comment_status":"","ping_status":"","sticky":false,"template":"","format":"standard","meta":{"footnotes":""},"categories":[83],"tags":[33835,88,89,90,32,33,915],"class_list":{"0":"post-158198","1":"post","2":"type-post","3":"status-publish","4":"format-standard","5":"has-post-thumbnail","7":"category-empresas","8":"tag-abono-de-familia","9":"tag-business","10":"tag-economy","11":"tag-empresas","12":"tag-portugal","13":"tag-pt","14":"tag-seguranca-social"},"share_on_mastodon":{"url":"https:\/\/pubeurope.com\/@pt\/115578797253784615","error":""},"_links":{"self":[{"href":"https:\/\/www.europesays.com\/pt\/wp-json\/wp\/v2\/posts\/158198","targetHints":{"allow":["GET"]}}],"collection":[{"href":"https:\/\/www.europesays.com\/pt\/wp-json\/wp\/v2\/posts"}],"about":[{"href":"https:\/\/www.europesays.com\/pt\/wp-json\/wp\/v2\/types\/post"}],"author":[{"embeddable":true,"href":"https:\/\/www.europesays.com\/pt\/wp-json\/wp\/v2\/users\/2"}],"replies":[{"embeddable":true,"href":"https:\/\/www.europesays.com\/pt\/wp-json\/wp\/v2\/comments?post=158198"}],"version-history":[{"count":0,"href":"https:\/\/www.europesays.com\/pt\/wp-json\/wp\/v2\/posts\/158198\/revisions"}],"wp:featuredmedia":[{"embeddable":true,"href":"https:\/\/www.europesays.com\/pt\/wp-json\/wp\/v2\/media\/158199"}],"wp:attachment":[{"href":"https:\/\/www.europesays.com\/pt\/wp-json\/wp\/v2\/media?parent=158198"}],"wp:term":[{"taxonomy":"category","embeddable":true,"href":"https:\/\/www.europesays.com\/pt\/wp-json\/wp\/v2\/categories?post=158198"},{"taxonomy":"post_tag","embeddable":true,"href":"https:\/\/www.europesays.com\/pt\/wp-json\/wp\/v2\/tags?post=158198"}],"curies":[{"name":"wp","href":"https:\/\/api.w.org\/{rel}","templated":true}]}}