{"id":158202,"date":"2025-11-19T22:48:19","date_gmt":"2025-11-19T22:48:19","guid":{"rendered":"https:\/\/www.europesays.com\/pt\/158202\/"},"modified":"2025-11-19T22:48:19","modified_gmt":"2025-11-19T22:48:19","slug":"turismo-e-trabalho-greta-thunberg-fotografada-em-portugal","status":"publish","type":"post","link":"https:\/\/www.europesays.com\/pt\/158202\/","title":{"rendered":"&#8220;Turismo e trabalho&#8221;. Greta Thunberg fotografada em Portugal"},"content":{"rendered":"<p data-remotead-prev-elm=\"true\" data-remotead-elm-id=\"inread\">Abordada pelo jornal local &#8220;Entroncamente Online&#8221;, a jovem de 22 anos disse que o Entroncamento era uma das paragens da sua viagem por Portugal, onde est\u00e1 &#8220;em turismo e trabalho&#8221; para &#8220;visitar locais e pessoas&#8221;.<\/p>\n<p>Recorde-se que, na semana passada, Greta Thunberg foi<a href=\"https:\/\/www.jn.pt\/nacional\/artigo\/greta-thunberg-fotografada-num-comboio-em-vigo-a-caminho-de-portugal\/18019618\" target=\"_blank\" rel=\"nofollow noopener\"> vista num comboio que seguia de Compostela com destino a Vigo<\/a>, estando supostamente a caminho de Portugal. Segundo a ag\u00eancia Efe, citada pelo jornal espanhol &#8220;El Mundo&#8221;, a ativista ambiental viajava acompanhada de outro jovem estrangeiro.<\/p>\n<p>Nascida em 2003, Greta Thunberg \u00e9 conhecida por ter protagonizado um protesto no exterior do parlamento sueco e ter fundado o &#8220;Fridays For Future&#8221;, movimento civil internacional de estudantes que faltavam \u00e0s aulas \u00e0 sexta-feira para participarem em manifesta\u00e7\u00f5es que exigiam a\u00e7\u00f5es dos l\u00edderes pol\u00edticos a fim de evitar as altera\u00e7\u00f5es clim\u00e1ticas. A ativista participou em v\u00e1rios protestos clim\u00e1ticos nos \u00faltimos meses e, mais recentemente, fez parte da viagem da Flotilha Global Sumud, acompanhada pelos portugueses Mariana Mort\u00e1gua, Sofia Apar\u00edcio e Miguel Duarte.<\/p>\n","protected":false},"excerpt":{"rendered":"Abordada pelo jornal local &#8220;Entroncamente Online&#8221;, a jovem de 22 anos disse que o Entroncamento era uma das&hellip;\n","protected":false},"author":2,"featured_media":158203,"comment_status":"","ping_status":"","sticky":false,"template":"","format":"standard","meta":{"footnotes":""},"categories":[10],"tags":[27,28,33836,15,16,15056,14,25,26,21,22,12,13,19,20,32,23,24,33,17,18,29,30,31],"class_list":{"0":"post-158202","1":"post","2":"type-post","3":"status-publish","4":"format-standard","5":"has-post-thumbnail","7":"category-portugal","8":"tag-breaking-news","9":"tag-breakingnews","10":"tag-concelho-entroncamento","11":"tag-featured-news","12":"tag-featurednews","13":"tag-greta-thunberg","14":"tag-headlines","15":"tag-latest-news","16":"tag-latestnews","17":"tag-main-news","18":"tag-mainnews","19":"tag-news","20":"tag-noticias","21":"tag-noticias-principais","22":"tag-noticiasprincipais","23":"tag-portugal","24":"tag-principais-noticias","25":"tag-principaisnoticias","26":"tag-pt","27":"tag-top-stories","28":"tag-topstories","29":"tag-ultimas","30":"tag-ultimas-noticias","31":"tag-ultimasnoticias"},"share_on_mastodon":{"url":"https:\/\/pubeurope.com\/@pt\/115578804869138560","error":""},"_links":{"self":[{"href":"https:\/\/www.europesays.com\/pt\/wp-json\/wp\/v2\/posts\/158202","targetHints":{"allow":["GET"]}}],"collection":[{"href":"https:\/\/www.europesays.com\/pt\/wp-json\/wp\/v2\/posts"}],"about":[{"href":"https:\/\/www.europesays.com\/pt\/wp-json\/wp\/v2\/types\/post"}],"author":[{"embeddable":true,"href":"https:\/\/www.europesays.com\/pt\/wp-json\/wp\/v2\/users\/2"}],"replies":[{"embeddable":true,"href":"https:\/\/www.europesays.com\/pt\/wp-json\/wp\/v2\/comments?post=158202"}],"version-history":[{"count":0,"href":"https:\/\/www.europesays.com\/pt\/wp-json\/wp\/v2\/posts\/158202\/revisions"}],"wp:featuredmedia":[{"embeddable":true,"href":"https:\/\/www.europesays.com\/pt\/wp-json\/wp\/v2\/media\/158203"}],"wp:attachment":[{"href":"https:\/\/www.europesays.com\/pt\/wp-json\/wp\/v2\/media?parent=158202"}],"wp:term":[{"taxonomy":"category","embeddable":true,"href":"https:\/\/www.europesays.com\/pt\/wp-json\/wp\/v2\/categories?post=158202"},{"taxonomy":"post_tag","embeddable":true,"href":"https:\/\/www.europesays.com\/pt\/wp-json\/wp\/v2\/tags?post=158202"}],"curies":[{"name":"wp","href":"https:\/\/api.w.org\/{rel}","templated":true}]}}