{"id":158212,"date":"2025-11-19T23:02:15","date_gmt":"2025-11-19T23:02:15","guid":{"rendered":"https:\/\/www.europesays.com\/pt\/158212\/"},"modified":"2025-11-19T23:02:15","modified_gmt":"2025-11-19T23:02:15","slug":"eua-dizem-a-ucrania-que-tera-de-aceitar-plano-de-paz-que-implica-perda-de-territorios","status":"publish","type":"post","link":"https:\/\/www.europesays.com\/pt\/158212\/","title":{"rendered":"EUA dizem \u00e0 Ucr\u00e2nia que ter\u00e1 de aceitar plano de paz que implica perda de territ\u00f3rios"},"content":{"rendered":"<p class=\"category\"><a href=\"https:\/\/sicnoticias.pt\/especiais\/guerra-russia-ucrania\" rel=\"nofollow noopener\" target=\"_blank\">Guerra R\u00fassia-Ucr\u00e2nia<\/a><\/p>\n<p class=\"g-article-lead lead\" data-field=\"lead\">A proposta para um acordo de paz, elaborada por Washington, requer que a Ucr\u00e2nia abdique de territ\u00f3rios e reduza as suas for\u00e7as armadas. O enviado especial de Donald Trump estar\u00e1 no centro das negocia\u00e7\u00f5es com Moscovo em rela\u00e7\u00e3o a este plano, sobre o qual Kiev n\u00e3o ter\u00e1 tido uma palavra a dizer.<\/p>\n<p><img decoding=\"async\" src=\"https:\/\/www.europesays.com\/pt\/wp-content\/uploads\/2025\/11\/1763593335_724_mw-1200.webp\" alt=\"\"\/><\/p>\n<p>Loading&#8230;<\/p>\n<p><strong>Os Estados Unidos<\/strong><strong> da Am\u00e9rica<\/strong><strong> (EUA) avisaram<\/strong><strong> <\/strong><strong>Volodymyr Zelensky de <\/strong><strong>que<\/strong><strong> a <\/strong><strong>Ucr\u00e2nia<\/strong><strong> <\/strong><strong>ter\u00e1<\/strong><strong> de <\/strong><strong>aceitar<\/strong><strong> <\/strong><strong>um plano <\/strong><strong>elaborado<\/strong><strong> <\/strong><strong>por<\/strong><strong> Washington para <\/strong><strong>p\u00f4r<\/strong><strong> <\/strong><strong>fim<\/strong><strong> \u00e0 <\/strong><strong>guerra<\/strong><strong> com a <\/strong><strong>R\u00fassia<\/strong><strong>. O <\/strong><strong>documento<\/strong><strong> <\/strong><strong>prop\u00f5e<\/strong><strong> <\/strong><strong>que<\/strong><strong> a <\/strong><strong>Ucr\u00e2nia<\/strong><strong> <\/strong><strong>renunci<\/strong><strong>e<\/strong><strong> <\/strong><strong>a <\/strong><strong>territ\u00f3rios<\/strong><strong> e <\/strong><strong>a<\/strong><strong> <\/strong><strong>algumas<\/strong><strong> armas.<\/strong><strong> <\/strong><\/p>\n<p>De acordo com a ag\u00eancia Reuters, que cita duas fontes familiarizadas com o caso que pediram para n\u00e3o serem identificadas, a p<strong>ropo<\/strong><strong>sta inclui cortar na dimens\u00e3o das for\u00e7as armadas ucranianas.<\/strong><\/p>\n<p>A Reuters adianta que um alto funcion\u00e1rio ucraniano confirmara que <strong>Kiev recebeu \u201csinais\u201d em rela\u00e7\u00e3o a um conjunto de propostas dos Estados Unidos para p\u00f4r fim ao conflito<\/strong> \u2013 propostas essas que <strong>ter<\/strong><strong>\u00e3o sido discutidas com a R\u00fassia, mas sobre as quais a Ucr\u00e2nia n\u00e3o teve uma palavra a dizer<\/strong>. <\/p>\n<p>Segundo os meios de comunica\u00e7\u00e3o norte-americanos, a <strong>proposta ter\u00e1 28 pontos<\/strong> e <strong>o enviado especial de Donald Trump, Steve <\/strong><strong>Witkoff<\/strong><strong>, estar\u00e1 no centro das <\/strong><a href=\"https:\/\/sicnoticias.pt\/especiais\/guerra-russia-ucrania\/2025-11-19-video-eua-e-russia-em-negociacoes-secretas-moscovo-compra-tempo-para-continuar-ofensiva-na-ucrania-87339f72\" target=\"_blank\" rel=\"noopener noreferrer nofollow\">negocia\u00e7\u00f5es deste plano com Moscovo<\/a>, <strong>ap\u00f3s o Kremlin ter alegadamente revelado abertura para um acordo<\/strong>.<\/p>\n<p><strong>Altos <\/strong><strong>respons\u00e1veis do ex\u00e9rcito norte-americano estar\u00e3o agora em Kiev<\/strong>, onde ter\u00e3o j\u00e1 acontecido encontros com altos representantes ucranianos, naquilo que \u00e9 visto como um <strong>sinal de press\u00e3o dos EUA com vista a p\u00f4r fim ao conflito<\/strong>.<\/p>\n<p><strong>N\u00e3o existiram conversa\u00e7\u00f5es presenciais entre Kiev e Moscovo desde julho<\/strong>, quando delega\u00e7\u00f5es dos dois pa\u00edses estiveram reunidas em Istambul. Apesar de ambos os lados terem mantido conversa\u00e7\u00f5es com Washington, a <strong>R\u00fassia n\u00e3o mostrou disponibilidade para alterar as condi\u00e7\u00f5es sob as q<\/strong><strong>uais aceitar\u00e1 baixar as armas<\/strong> \u2013 e que implicam, precisamente, que a Ucr\u00e2nia ceda territ\u00f3rios e que n\u00e3o adira \u00e0 NATO. <strong>Exig\u00eancias que Volodymyr Zelensky tem sempre rejeitado<\/strong>.<\/p>\n<p>Um acordo desta natureza representaria um<strong> grande rev\u00e9s para <\/strong><strong>a administra\u00e7\u00e3o de <\/strong><strong>Zelensky<\/strong>, que n\u00e3o tem conseguido responder aos novos ganhos territoriais da R\u00fassia no leste da Ucr\u00e2nia e que est\u00e1 a lidar com um esc\u00e2ndalo interno de corrup\u00e7\u00e3o, que j\u00e1 levou \u00e0 demiss\u00e3o de ministros.<\/p>\n","protected":false},"excerpt":{"rendered":"Guerra R\u00fassia-Ucr\u00e2nia A proposta para um acordo de paz, elaborada por Washington, requer que a Ucr\u00e2nia abdique de&hellip;\n","protected":false},"author":2,"featured_media":158213,"comment_status":"","ping_status":"","sticky":false,"template":"","format":"standard","meta":{"footnotes":""},"categories":[50],"tags":[27,28,15,16,14,25,26,21,22,62,12,13,19,20,23,24,17,18,29,30,31,63,64,65],"class_list":{"0":"post-158212","1":"post","2":"type-post","3":"status-publish","4":"format-standard","5":"has-post-thumbnail","7":"category-mundo","8":"tag-breaking-news","9":"tag-breakingnews","10":"tag-featured-news","11":"tag-featurednews","12":"tag-headlines","13":"tag-latest-news","14":"tag-latestnews","15":"tag-main-news","16":"tag-mainnews","17":"tag-mundo","18":"tag-news","19":"tag-noticias","20":"tag-noticias-principais","21":"tag-noticiasprincipais","22":"tag-principais-noticias","23":"tag-principaisnoticias","24":"tag-top-stories","25":"tag-topstories","26":"tag-ultimas","27":"tag-ultimas-noticias","28":"tag-ultimasnoticias","29":"tag-world","30":"tag-world-news","31":"tag-worldnews"},"share_on_mastodon":{"url":"https:\/\/pubeurope.com\/@pt\/115578860322955239","error":""},"_links":{"self":[{"href":"https:\/\/www.europesays.com\/pt\/wp-json\/wp\/v2\/posts\/158212","targetHints":{"allow":["GET"]}}],"collection":[{"href":"https:\/\/www.europesays.com\/pt\/wp-json\/wp\/v2\/posts"}],"about":[{"href":"https:\/\/www.europesays.com\/pt\/wp-json\/wp\/v2\/types\/post"}],"author":[{"embeddable":true,"href":"https:\/\/www.europesays.com\/pt\/wp-json\/wp\/v2\/users\/2"}],"replies":[{"embeddable":true,"href":"https:\/\/www.europesays.com\/pt\/wp-json\/wp\/v2\/comments?post=158212"}],"version-history":[{"count":0,"href":"https:\/\/www.europesays.com\/pt\/wp-json\/wp\/v2\/posts\/158212\/revisions"}],"wp:featuredmedia":[{"embeddable":true,"href":"https:\/\/www.europesays.com\/pt\/wp-json\/wp\/v2\/media\/158213"}],"wp:attachment":[{"href":"https:\/\/www.europesays.com\/pt\/wp-json\/wp\/v2\/media?parent=158212"}],"wp:term":[{"taxonomy":"category","embeddable":true,"href":"https:\/\/www.europesays.com\/pt\/wp-json\/wp\/v2\/categories?post=158212"},{"taxonomy":"post_tag","embeddable":true,"href":"https:\/\/www.europesays.com\/pt\/wp-json\/wp\/v2\/tags?post=158212"}],"curies":[{"name":"wp","href":"https:\/\/api.w.org\/{rel}","templated":true}]}}