{"id":158218,"date":"2025-11-19T23:08:31","date_gmt":"2025-11-19T23:08:31","guid":{"rendered":"https:\/\/www.europesays.com\/pt\/158218\/"},"modified":"2025-11-19T23:08:31","modified_gmt":"2025-11-19T23:08:31","slug":"segredo-de-arminda-e-ferrete-fica-em-risco","status":"publish","type":"post","link":"https:\/\/www.europesays.com\/pt\/158218\/","title":{"rendered":"segredo de Arminda e Ferrete fica em risco"},"content":{"rendered":"\n<p class=\" content-text__container \" data-track-category=\"Link no Texto\" data-track-links=\"\"> Ferette (<a class=\"\" href=\"https:\/\/oglobo.globo.com\/tudo-sobre\/personalidade\/murilo-benicio\" rel=\"nofollow noopener\" target=\"_blank\">Murilo Ben\u00edcio<\/a>) chegar\u00e1 em casa mais cedo, e Zenilda se alegrar\u00e1 ao ver o marido. O empres\u00e1rio abra\u00e7ar\u00e1 e beijar\u00e1 a esposa, que acabar\u00e1 sentindo o perfume de Arminda na roupa dele. <\/p>\n<p class=\" content-text__container \" data-track-category=\"Link no Texto\" data-track-links=\"\"> \u2014 N\u00e3o me diga que estou com cheiro de sovaco? \u2014 questionar\u00e1 Ferette. <\/p>\n<p class=\" content-text__container \" data-track-category=\"Link no Texto\" data-track-links=\"\"> \u2014 N\u00e3o, \u00e9 de perfume, mesmo&#8230; Igual ao de Arminda \u2014 responder\u00e1 Zenilda, que insistir\u00e1 em saber por que o marido est\u00e1 com o cheiro da melhor amiga dela no colarinho. <\/p>\n<p class=\" content-text__container \" data-track-category=\"Link no Texto\" data-track-links=\"\"> \u2014 Porque ela me abra\u00e7ou, foi isso! E n\u00e3o uma, mas duas vezes. Na casa dela&#8230; Que, ali\u00e1s, estava empesteada por esse cheiro. Se eu demorasse mais um pouco ia sair de l\u00e1 com dor de cabe\u00e7a! <\/p>\n<p class=\" content-text__container \" data-track-category=\"Link no Texto\" data-track-links=\"\"> Zenilda continuar\u00e1 com os questionamentos e perguntar\u00e1 por que Ferette n\u00e3o manda uma outra pessoa levar os pap\u00e9is at\u00e9 a casa de Arminda. <\/p>\n","protected":false},"excerpt":{"rendered":"Ferette (Murilo Ben\u00edcio) chegar\u00e1 em casa mais cedo, e Zenilda se alegrar\u00e1 ao ver o marido. O empres\u00e1rio&hellip;\n","protected":false},"author":2,"featured_media":158219,"comment_status":"","ping_status":"","sticky":false,"template":"","format":"standard","meta":{"footnotes":""},"categories":[142],"tags":[2589,813,114,115,4375,2313,32,33,679,4376,151],"class_list":{"0":"post-158218","1":"post","2":"type-post","3":"status-publish","4":"format-standard","5":"has-post-thumbnail","7":"category-tv","8":"tag-andreia-horta","9":"tag-atriz","10":"tag-entertainment","11":"tag-entretenimento","12":"tag-grazi-massafera","13":"tag-murilo-benicio","14":"tag-portugal","15":"tag-pt","16":"tag-reportagem","17":"tag-tres-gracas","18":"tag-tv"},"share_on_mastodon":{"url":"https:\/\/pubeurope.com\/@pt\/115578883441215870","error":""},"_links":{"self":[{"href":"https:\/\/www.europesays.com\/pt\/wp-json\/wp\/v2\/posts\/158218","targetHints":{"allow":["GET"]}}],"collection":[{"href":"https:\/\/www.europesays.com\/pt\/wp-json\/wp\/v2\/posts"}],"about":[{"href":"https:\/\/www.europesays.com\/pt\/wp-json\/wp\/v2\/types\/post"}],"author":[{"embeddable":true,"href":"https:\/\/www.europesays.com\/pt\/wp-json\/wp\/v2\/users\/2"}],"replies":[{"embeddable":true,"href":"https:\/\/www.europesays.com\/pt\/wp-json\/wp\/v2\/comments?post=158218"}],"version-history":[{"count":0,"href":"https:\/\/www.europesays.com\/pt\/wp-json\/wp\/v2\/posts\/158218\/revisions"}],"wp:featuredmedia":[{"embeddable":true,"href":"https:\/\/www.europesays.com\/pt\/wp-json\/wp\/v2\/media\/158219"}],"wp:attachment":[{"href":"https:\/\/www.europesays.com\/pt\/wp-json\/wp\/v2\/media?parent=158218"}],"wp:term":[{"taxonomy":"category","embeddable":true,"href":"https:\/\/www.europesays.com\/pt\/wp-json\/wp\/v2\/categories?post=158218"},{"taxonomy":"post_tag","embeddable":true,"href":"https:\/\/www.europesays.com\/pt\/wp-json\/wp\/v2\/tags?post=158218"}],"curies":[{"name":"wp","href":"https:\/\/api.w.org\/{rel}","templated":true}]}}