{"id":158220,"date":"2025-11-19T23:10:08","date_gmt":"2025-11-19T23:10:08","guid":{"rendered":"https:\/\/www.europesays.com\/pt\/158220\/"},"modified":"2025-11-19T23:10:08","modified_gmt":"2025-11-19T23:10:08","slug":"glinda-e-elphaba-estao-de-regresso-wicked","status":"publish","type":"post","link":"https:\/\/www.europesays.com\/pt\/158220\/","title":{"rendered":"Glinda e Elphaba est\u00e3o de regresso: &#8220;Wicked"},"content":{"rendered":"<p><strong>Glinda e Elphaba est\u00e3o de regresso ao grande ecr\u00e3 e prometem trazer de volta magia de Oz para as salas de cinema. \u201cWicked -pelo bem\u201d estreia esta quinta-feira e traz um fim \u00e0 hist\u00f3ria que come\u00e7ou h\u00e1 um ano com a primeira parte do filme. <\/strong><\/p>\n<p>O filme, protagonizado por Cynthia Erivo e Ariana Grande, \u00e9 uma adapta\u00e7\u00e3o do musical da Broadway. A ante-estreia internacional da longa-metragem decorreu esta ter\u00e7a-feira em Nova Iorque com todo o elenco. <\/p>\n<p>Na segunda parte da hist\u00f3ria, Elphaba, agora denominada Bruxa M\u00e1 do Oeste, vive em asilo a tentar provar a verdade sobre o feiticeiro, J\u00e1 Glinda, agora s\u00edmbolo de bondade e glamour, reside na Cidade das Esmeraldas e prepara-se para casar com o Pr\u00edncipe Fiyero, mas \u00e9 assombrada pela separa\u00e7\u00e3o de Elphaba<\/p>\n<p>O filme venceu dois \u00f3scares. Tamb\u00e9m estava nomeado na categoria de melhor filme. <\/p>\n","protected":false},"excerpt":{"rendered":"Glinda e Elphaba est\u00e3o de regresso ao grande ecr\u00e3 e prometem trazer de volta magia de Oz para&hellip;\n","protected":false},"author":2,"featured_media":158221,"comment_status":"","ping_status":"","sticky":false,"template":"","format":"standard","meta":{"footnotes":""},"categories":[140],"tags":[114,115,147,148,146,32,33],"class_list":{"0":"post-158220","1":"post","2":"type-post","3":"status-publish","4":"format-standard","5":"has-post-thumbnail","7":"category-filmes","8":"tag-entertainment","9":"tag-entretenimento","10":"tag-film","11":"tag-filmes","12":"tag-movies","13":"tag-portugal","14":"tag-pt"},"share_on_mastodon":{"url":"https:\/\/pubeurope.com\/@pt\/115578891521300796","error":""},"_links":{"self":[{"href":"https:\/\/www.europesays.com\/pt\/wp-json\/wp\/v2\/posts\/158220","targetHints":{"allow":["GET"]}}],"collection":[{"href":"https:\/\/www.europesays.com\/pt\/wp-json\/wp\/v2\/posts"}],"about":[{"href":"https:\/\/www.europesays.com\/pt\/wp-json\/wp\/v2\/types\/post"}],"author":[{"embeddable":true,"href":"https:\/\/www.europesays.com\/pt\/wp-json\/wp\/v2\/users\/2"}],"replies":[{"embeddable":true,"href":"https:\/\/www.europesays.com\/pt\/wp-json\/wp\/v2\/comments?post=158220"}],"version-history":[{"count":0,"href":"https:\/\/www.europesays.com\/pt\/wp-json\/wp\/v2\/posts\/158220\/revisions"}],"wp:featuredmedia":[{"embeddable":true,"href":"https:\/\/www.europesays.com\/pt\/wp-json\/wp\/v2\/media\/158221"}],"wp:attachment":[{"href":"https:\/\/www.europesays.com\/pt\/wp-json\/wp\/v2\/media?parent=158220"}],"wp:term":[{"taxonomy":"category","embeddable":true,"href":"https:\/\/www.europesays.com\/pt\/wp-json\/wp\/v2\/categories?post=158220"},{"taxonomy":"post_tag","embeddable":true,"href":"https:\/\/www.europesays.com\/pt\/wp-json\/wp\/v2\/tags?post=158220"}],"curies":[{"name":"wp","href":"https:\/\/api.w.org\/{rel}","templated":true}]}}