{"id":158224,"date":"2025-11-19T23:13:22","date_gmt":"2025-11-19T23:13:22","guid":{"rendered":"https:\/\/www.europesays.com\/pt\/158224\/"},"modified":"2025-11-19T23:13:22","modified_gmt":"2025-11-19T23:13:22","slug":"georgina-deslumbra-na-casa-branca-com-vestido-guy-laroche-que-marcou-os-oscars-de-2005","status":"publish","type":"post","link":"https:\/\/www.europesays.com\/pt\/158224\/","title":{"rendered":"Georgina deslumbra na Casa Branca com vestido Guy Laroche que marcou os Oscars de 2005"},"content":{"rendered":"<p data-remotead-prev-elm=\"true\" data-remotead-elm-id=\"inread\">O foco diplom\u00e1tico do dia podia estar na reuni\u00e3o entre Donald Trump e Mohammed bin Salman, mas quem captou aten\u00e7\u00f5es na Casa Branca foi Georgina Rodr\u00edguez.<\/p>\n<p>Num v\u00eddeo partilhado pelo agente Ram\u00f3n Jordana, da Angels Project, que recentemente passou tamb\u00e9m a representar a atriz portuguesa Margarida Corceiro, v\u00ea-se Cristiano Ronaldo e a noiva a deixarem o hotel em Washington rumo ao aguardado jantar oficial.<\/p>\n<p>Para esta ocasi\u00e3o in\u00e9dita, Georgina rodeou-se da sua equipa de confian\u00e7a: a stylist Elena Pina, o agente Ram\u00f3n Jordana e o reconhecido maquilhador Patrick Ta, preferido das Kardashian. O ambiente de bastidores, com cuidados meticulosos e aten\u00e7\u00e3o a cada detalhe, evocava a prepara\u00e7\u00e3o de uma verdadeira noite de gala.<\/p>\n<p>O regresso de um \u00edcone dos Oscars<\/p>\n<p data-remotead-prev-elm=\"true\" data-remotead-elm-id=\"centro1\">A escolha do visual tornou-se imediatamente tema de conversa. Georgina surgiu com uma cria\u00e7\u00e3o vintage da casa Guy Laroche, o mesmo modelo usado por Hilary Swank nos Oscars de 2005, quando venceu o seu segundo pr\u00e9mio de Melhor Atriz pelo filme &#8220;Million Dollar Baby&#8221;.<\/p>\n<p>Com o famoso decote profundo nas costas, o vestido marcou a hist\u00f3ria da moda contempor\u00e2nea e foi um dos visuais mais comentados da d\u00e9cada. Numa altura em que o vintage ainda n\u00e3o era dominante nas grandes cerim\u00f3nias, Swank ajudou a abrir caminho para a revaloriza\u00e7\u00e3o de pe\u00e7as ic\u00f3nicas, um gesto agora recuperado por Georgina.<\/p>\n<p>No ambiente solene da Casa Branca, Georgina reinterpretou o cl\u00e1ssico com modernidade. A maquilhagem luminosa de Patrick Ta, o cabelo apanhado com eleg\u00e2ncia e os acess\u00f3rios discretos deixaram que o vestido assumisse todo o protagonismo.<\/p>\n<p>O resultado foi um momento em que moda, mem\u00f3ria e diplomacia se cruzaram. A estreia da noiva do craque portugu\u00eas na resid\u00eancia presidencial norte-americana tornou-se um epis\u00f3dio medi\u00e1tico \u00e0 parte, mesmo que a protagonista esteja mais recatada nas partilhas do que \u00e9 costume.<\/p>\n","protected":false},"excerpt":{"rendered":"O foco diplom\u00e1tico do dia podia estar na reuni\u00e3o entre Donald Trump e Mohammed bin Salman, mas quem&hellip;\n","protected":false},"author":2,"featured_media":158225,"comment_status":"","ping_status":"","sticky":false,"template":"","format":"standard","meta":{"footnotes":""},"categories":[85],"tags":[813,5914,114,115,3509,33839,33837,2595,1079,33838,32,33,1367],"class_list":{"0":"post-158224","1":"post","2":"type-post","3":"status-publish","4":"format-standard","5":"has-post-thumbnail","7":"category-entretenimento","8":"tag-atriz","9":"tag-casa-branca","10":"tag-entertainment","11":"tag-entretenimento","12":"tag-georgina-rodriguez","13":"tag-guy-laroche","14":"tag-hilary-swank","15":"tag-hollywood","16":"tag-moda","17":"tag-oscars","18":"tag-portugal","19":"tag-pt","20":"tag-vestido"},"share_on_mastodon":{"url":"https:\/\/pubeurope.com\/@pt\/115578903137557889","error":""},"_links":{"self":[{"href":"https:\/\/www.europesays.com\/pt\/wp-json\/wp\/v2\/posts\/158224","targetHints":{"allow":["GET"]}}],"collection":[{"href":"https:\/\/www.europesays.com\/pt\/wp-json\/wp\/v2\/posts"}],"about":[{"href":"https:\/\/www.europesays.com\/pt\/wp-json\/wp\/v2\/types\/post"}],"author":[{"embeddable":true,"href":"https:\/\/www.europesays.com\/pt\/wp-json\/wp\/v2\/users\/2"}],"replies":[{"embeddable":true,"href":"https:\/\/www.europesays.com\/pt\/wp-json\/wp\/v2\/comments?post=158224"}],"version-history":[{"count":0,"href":"https:\/\/www.europesays.com\/pt\/wp-json\/wp\/v2\/posts\/158224\/revisions"}],"wp:featuredmedia":[{"embeddable":true,"href":"https:\/\/www.europesays.com\/pt\/wp-json\/wp\/v2\/media\/158225"}],"wp:attachment":[{"href":"https:\/\/www.europesays.com\/pt\/wp-json\/wp\/v2\/media?parent=158224"}],"wp:term":[{"taxonomy":"category","embeddable":true,"href":"https:\/\/www.europesays.com\/pt\/wp-json\/wp\/v2\/categories?post=158224"},{"taxonomy":"post_tag","embeddable":true,"href":"https:\/\/www.europesays.com\/pt\/wp-json\/wp\/v2\/tags?post=158224"}],"curies":[{"name":"wp","href":"https:\/\/api.w.org\/{rel}","templated":true}]}}