{"id":158226,"date":"2025-11-19T23:15:40","date_gmt":"2025-11-19T23:15:40","guid":{"rendered":"https:\/\/www.europesays.com\/pt\/158226\/"},"modified":"2025-11-19T23:15:40","modified_gmt":"2025-11-19T23:15:40","slug":"vinho-reserva-no-pingo-doce-surpreende-ao-passar-de-1299-euros-para-499","status":"publish","type":"post","link":"https:\/\/www.europesays.com\/pt\/158226\/","title":{"rendered":"Vinho Reserva no Pingo Doce surpreende ao passar de 12,99 euros para 4,99"},"content":{"rendered":"<p>Abrir um vinho \u00e9 como um ato de amor. Amor para com n\u00f3s pr\u00f3prios e amor para com aqueles que recebemos em casa e a quem queremos surpreender com os melhores vinhos. E, apesar de n\u00e3o ser premiado, h\u00e1 um vinho em promo\u00e7\u00e3o no Pingo Doce que promete.\u00a0<\/p>\n<p>Falamos do\u00a0<a href=\"https:\/\/www.pingodoce.pt\/home\/produtos\/bebidas\/vinho-tinto\/tejo\/vinho-tinto-tejo-alorna-jardim-das-castas-quinta-da-alorna-973887.html?\" target=\"_blank\" rel=\"nofollow noopener\">Vinho Tinto Tejo Alorna Jardim das Castas<\/a>, vinho Reserva que junta as castas Syrah, Alicante Bouschet e Touriga Nacional, n\u00e9ctar que\u00a0tem aromas de violetas e groselha preta, confirmando-se na boca com frutos pretos maduros. \u00c9 um vinho com corpo equilibrado e final persistente.\u00a0<\/p>\n<p>H\u00e1, at\u00e9, quem diga que surpreende depois de abrir.\u00a0<\/p>\n<p>&#8220;Uma boa rela\u00e7\u00e3o qualidade pre\u00e7o. O est\u00e1gio em barrica \u00e9 pouco percept\u00edvel. Evolui bem. \u00c0 parte disto: fruta vermelha de qualidade. Surpreendeu-me a forma como evoluiu depois de aberto&#8221;, pode ler-se num dos coment\u00e1rios na <a href=\"https:\/\/www.vivino.com\/pt-PT\/quinta-da-alorna-jardim-das-castas-reserva-tinto-vinho-de-portugal\/w\/12610277#:~:text=Um%20Vinho%20tinto%20de%20Vinho%20de%20Portugal%2C,Feito%20de%20Alicante%20Bouschet%2C%20Touriga%20Nacional%2C%20Shiraz\/Syrah.\" target=\"_blank\" rel=\"nofollow noopener\">plataforma Vivino<\/a>.\u00a0<\/p>\n<p>S\u00e3o v\u00e1rias as cr\u00edticas que dizem que o vinho precisa de respirar para ser melhor apreciado com todas as notas j\u00e1 apuradas, pelo que leva o seu tempo a revelar-se extraordin\u00e1rio.\u00a0<\/p>\n<p>\u00c9 assim um vinho delicado, algo que se reflete no pre\u00e7o, que \u00e9 por norma de \u20ac12,99. No entanto, gra\u00e7as a um desconto de 60%, custa apenas \u20ac4,99 no Pingo Doce entre\u00a018 a 24 novembro.\u00a0<\/p>\n<p>  <img loading=\"lazy\" decoding=\"async\" alt=\"\" height=\"960\" src=\"https:\/\/www.europesays.com\/pt\/wp-content\/uploads\/2025\/11\/691c3984d34e2bd5c6d41e37.webp\" width=\"400\"\/> <\/p>\n<p>    Vinho Tinto Tejo Alorna Jardim das Castas <\/p>\n<p>\u00a0<\/p>\n","protected":false},"excerpt":{"rendered":"Abrir um vinho \u00e9 como um ato de amor. Amor para com n\u00f3s pr\u00f3prios e amor para com&hellip;\n","protected":false},"author":2,"featured_media":158227,"comment_status":"","ping_status":"","sticky":false,"template":"","format":"standard","meta":{"footnotes":""},"categories":[83],"tags":[1081,88,204,89,90,754,186,1079,3366,32,33,33840,1078,1080,3911],"class_list":{"0":"post-158226","1":"post","2":"type-post","3":"status-publish","4":"format-standard","5":"has-post-thumbnail","7":"category-empresas","8":"tag-beleza","9":"tag-business","10":"tag-design","11":"tag-economy","12":"tag-empresas","13":"tag-gastronomia","14":"tag-lifestyle","15":"tag-moda","16":"tag-pingo-doce","17":"tag-portugal","18":"tag-pt","19":"tag-quinta-da-alorna","20":"tag-versa","21":"tag-viagens","22":"tag-vinho"},"share_on_mastodon":{"url":"https:\/\/pubeurope.com\/@pt\/115578911734278316","error":""},"_links":{"self":[{"href":"https:\/\/www.europesays.com\/pt\/wp-json\/wp\/v2\/posts\/158226","targetHints":{"allow":["GET"]}}],"collection":[{"href":"https:\/\/www.europesays.com\/pt\/wp-json\/wp\/v2\/posts"}],"about":[{"href":"https:\/\/www.europesays.com\/pt\/wp-json\/wp\/v2\/types\/post"}],"author":[{"embeddable":true,"href":"https:\/\/www.europesays.com\/pt\/wp-json\/wp\/v2\/users\/2"}],"replies":[{"embeddable":true,"href":"https:\/\/www.europesays.com\/pt\/wp-json\/wp\/v2\/comments?post=158226"}],"version-history":[{"count":0,"href":"https:\/\/www.europesays.com\/pt\/wp-json\/wp\/v2\/posts\/158226\/revisions"}],"wp:featuredmedia":[{"embeddable":true,"href":"https:\/\/www.europesays.com\/pt\/wp-json\/wp\/v2\/media\/158227"}],"wp:attachment":[{"href":"https:\/\/www.europesays.com\/pt\/wp-json\/wp\/v2\/media?parent=158226"}],"wp:term":[{"taxonomy":"category","embeddable":true,"href":"https:\/\/www.europesays.com\/pt\/wp-json\/wp\/v2\/categories?post=158226"},{"taxonomy":"post_tag","embeddable":true,"href":"https:\/\/www.europesays.com\/pt\/wp-json\/wp\/v2\/tags?post=158226"}],"curies":[{"name":"wp","href":"https:\/\/api.w.org\/{rel}","templated":true}]}}