{"id":158228,"date":"2025-11-19T23:16:12","date_gmt":"2025-11-19T23:16:12","guid":{"rendered":"https:\/\/www.europesays.com\/pt\/158228\/"},"modified":"2025-11-19T23:16:12","modified_gmt":"2025-11-19T23:16:12","slug":"empresa-de-portugues-alvo-de-rusgas-anti-imigracao-ilegal-nos-eua","status":"publish","type":"post","link":"https:\/\/www.europesays.com\/pt\/158228\/","title":{"rendered":"Empresa de portugu\u00eas alvo de rusgas anti-imigra\u00e7\u00e3o ilegal nos EUA"},"content":{"rendered":"<p data-remotead-prev-elm=\"true\" data-remotead-elm-id=\"inread\">Ao in\u00edcio da manh\u00e3 de hoje, dezenas de agentes, incluindo do Servi\u00e7o de Imigra\u00e7\u00e3o e Alf\u00e2ndega (ICE, na sigla em ingl\u00eas) e do Departamento Federal de Investiga\u00e7\u00e3o (FBI, na sigla em ingl\u00eas), entraram na <a href=\"https:\/\/oceanseafood.com\/\" target=\"_blank\" rel=\"nofollow noopener\">Ocean Seafood Depot<\/a>, empresa dedicada \u00e0 comercializa\u00e7\u00e3o de marisco em Newark, no estado de Nova J\u00e9rsia, no nordeste do pa\u00eds.<\/p>\n<p>A empresa, propriedade do portugu\u00eas Lu\u00eds Janota, j\u00e1 havia sido alvo de rusgas em janeiro deste ano, poucos dias ap\u00f3s a tomada de posse de Donald Trump como presidente dos Estados Unidos, que prometeu a &#8220;maior deporta\u00e7\u00e3o em massa da hist\u00f3ria&#8221; do pa\u00eds.<\/p>\n<p>Testemunhas disseram \u00e0 Lusa que os agentes entraram na empresa e foram separando os trabalhadores com estatuto regularizado dos restantes, sendo que quem estava em situa\u00e7\u00e3o legal recebeu uma pulseira vermelha e foi autorizado a deixar o local.<\/p>\n<p data-remotead-prev-elm=\"true\" data-remotead-elm-id=\"centro1\">Os restantes ter\u00e3o ficado retidos no interior do estabelecimento comercial e posteriormente levados em carrinhas com vidros escuros, segundo testemunhas que n\u00e3o quiseram ser identificadas, que indicaram ainda que os agentes tinham uma lista de pessoas que procuravam.<\/p>\n<p>Imagens captadas no local mostravam os pol\u00edcias de rosto coberto e sem identifica\u00e7\u00e3o vis\u00edvel, uma pr\u00e1tica que vem sendo recorrente por parte dos agentes do ICE.<\/p>\n<p>Receio na comunidade<\/p>\n<p>\u00c0 Lusa, a empres\u00e1ria luso-americana Isabelle Coelho-Marques, fundadora da empresa de rela\u00e7\u00f5es p\u00fablicas Plusable e que atua no estado norte-americano de Nova J\u00e9rsia, denunciou um clima de receio e apreens\u00e3o que se instalou na comunidade portuguesa ap\u00f3s as novas rusgas.<\/p>\n<p data-remotead-prev-elm=\"true\" data-remotead-elm-id=\"centro2\">&#8220;Com as investidas do ICE no Ironbound, este bairro da cidade Newark conhecido pela forte presen\u00e7a portuguesa e brasileira, o sentimento \u00e9 de muita apreens\u00e3o. O bairro do Ironbound n\u00e3o foi apenas moldado pelo contributo imigrante, como continua a ser uma m\u00e1quina econ\u00f3mica cujo motor \u00e9 a for\u00e7a do trabalho destas comunidades&#8221;, defendeu. &#8220;As atua\u00e7\u00f5es do ICE n\u00e3o s\u00f3 assustam o bairro como t\u00eam um impacto muito negativo ao n\u00edvel da economia local&#8221;, acrescentou a empres\u00e1ria.<\/p>\n<p>Christine Cuttita, porta-voz regional do ICE, descreveu a opera\u00e7\u00e3o de hoje como parte de uma &#8220;investiga\u00e7\u00e3o de seguran\u00e7a interna&#8221;, na qual foi cumprido um &#8220;mandado de busca&#8221;, segundo a imprensa local.<\/p>\n<p>A Lusa entrou em contacto com o empres\u00e1rio Lu\u00eds Janota, mas n\u00e3o obteve resposta.<\/p>\n<p>Caso semelhante em janeiro<\/p>\n<p data-remotead-prev-elm=\"true\" data-remotead-elm-id=\"centro3\">J\u00e1 na opera\u00e7\u00e3o de que foi alvo em janeiro, o empres\u00e1rio portugu\u00eas havia descrito uma situa\u00e7\u00e3o semelhante \u00e0 de hoje, na qual uma dezena de agentes do ICE entraram nas suas instala\u00e7\u00f5es e &#8220;come\u00e7aram a pedir pap\u00e9is de identifica\u00e7\u00e3o aos trabalhadores&#8221;.<\/p>\n<p>Dos tr\u00eas funcion\u00e1rios detidos na ocasi\u00e3o, nenhum era portugu\u00eas, sendo que Lu\u00eds Janota acreditava que a opera\u00e7\u00e3o de janeiro teria partido de uma den\u00fancia.<\/p>\n<p>Newark, que acolhe uma das mais significativas comunidades portuguesas nos Estados Unidos, \u00e9 uma das v\u00e1rias &#8220;cidades santu\u00e1rio&#8221; do pa\u00eds, onde existem leis locais e estaduais que protegem a popula\u00e7\u00e3o indocumentada e que acabam por ser um ref\u00fagio para pessoas que n\u00e3o conseguiram regularizar a sua situa\u00e7\u00e3o.<\/p>\n<p data-remotead-prev-elm=\"true\" data-remotead-elm-id=\"centro4\">Tem havido um aumento das deten\u00e7\u00f5es pelo Servi\u00e7o de Imigra\u00e7\u00e3o e Alf\u00e2ndega desde que Trump iniciou o seu segundo mandato, com relatos de rusgas em todo o pa\u00eds.<\/p>\n<p>Al\u00e9m disso, somam-se os casos de cidad\u00e3os detentores de &#8216;Green Card&#8217; &#8211; resid\u00eancia permanente legal &#8212; que foram detidos e entraram em processo de deporta\u00e7\u00e3o.<\/p>\n","protected":false},"excerpt":{"rendered":"Ao in\u00edcio da manh\u00e3 de hoje, dezenas de agentes, incluindo do Servi\u00e7o de Imigra\u00e7\u00e3o e Alf\u00e2ndega (ICE, na&hellip;\n","protected":false},"author":2,"featured_media":158229,"comment_status":"","ping_status":"","sticky":false,"template":"","format":"standard","meta":{"footnotes":""},"categories":[50],"tags":[27,28,413,15,16,14,17541,33280,25,26,21,22,62,12,13,19,20,23,24,17,18,29,30,31,63,64,65],"class_list":{"0":"post-158228","1":"post","2":"type-post","3":"status-publish","4":"format-standard","5":"has-post-thumbnail","7":"category-mundo","8":"tag-breaking-news","9":"tag-breakingnews","10":"tag-eua","11":"tag-featured-news","12":"tag-featurednews","13":"tag-headlines","14":"tag-ice","15":"tag-jn-comunidades","16":"tag-latest-news","17":"tag-latestnews","18":"tag-main-news","19":"tag-mainnews","20":"tag-mundo","21":"tag-news","22":"tag-noticias","23":"tag-noticias-principais","24":"tag-noticiasprincipais","25":"tag-principais-noticias","26":"tag-principaisnoticias","27":"tag-top-stories","28":"tag-topstories","29":"tag-ultimas","30":"tag-ultimas-noticias","31":"tag-ultimasnoticias","32":"tag-world","33":"tag-world-news","34":"tag-worldnews"},"share_on_mastodon":{"url":"https:\/\/pubeurope.com\/@pt\/115578915025334386","error":""},"_links":{"self":[{"href":"https:\/\/www.europesays.com\/pt\/wp-json\/wp\/v2\/posts\/158228","targetHints":{"allow":["GET"]}}],"collection":[{"href":"https:\/\/www.europesays.com\/pt\/wp-json\/wp\/v2\/posts"}],"about":[{"href":"https:\/\/www.europesays.com\/pt\/wp-json\/wp\/v2\/types\/post"}],"author":[{"embeddable":true,"href":"https:\/\/www.europesays.com\/pt\/wp-json\/wp\/v2\/users\/2"}],"replies":[{"embeddable":true,"href":"https:\/\/www.europesays.com\/pt\/wp-json\/wp\/v2\/comments?post=158228"}],"version-history":[{"count":0,"href":"https:\/\/www.europesays.com\/pt\/wp-json\/wp\/v2\/posts\/158228\/revisions"}],"wp:featuredmedia":[{"embeddable":true,"href":"https:\/\/www.europesays.com\/pt\/wp-json\/wp\/v2\/media\/158229"}],"wp:attachment":[{"href":"https:\/\/www.europesays.com\/pt\/wp-json\/wp\/v2\/media?parent=158228"}],"wp:term":[{"taxonomy":"category","embeddable":true,"href":"https:\/\/www.europesays.com\/pt\/wp-json\/wp\/v2\/categories?post=158228"},{"taxonomy":"post_tag","embeddable":true,"href":"https:\/\/www.europesays.com\/pt\/wp-json\/wp\/v2\/tags?post=158228"}],"curies":[{"name":"wp","href":"https:\/\/api.w.org\/{rel}","templated":true}]}}