{"id":158230,"date":"2025-11-19T23:17:31","date_gmt":"2025-11-19T23:17:31","guid":{"rendered":"https:\/\/www.europesays.com\/pt\/158230\/"},"modified":"2025-11-19T23:17:31","modified_gmt":"2025-11-19T23:17:31","slug":"horas-de-fila-na-cop30-para-provar-os-pasteis-de-nata-e-o-vinho-portugues","status":"publish","type":"post","link":"https:\/\/www.europesays.com\/pt\/158230\/","title":{"rendered":"Horas de fila na COP30 para provar os past\u00e9is de nata e o vinho portugu\u00eas"},"content":{"rendered":"<p>S\u00e3o 17 horas em Bel\u00e9m do Par\u00e1, no Brasil, e ainda falta uma hora para os past\u00e9is de nata come\u00e7arem a ser servidos no Pavilh\u00e3o de Portugal, na Confer\u00eancia para as Altera\u00e7\u00f5es Clim\u00e1ticas (COP30), mas a fila de pessoas \u00e0 espera para provar a iguaria j\u00e1 se perde nos corredores. H\u00e1 pessoas de todas as na\u00e7\u00f5es e nem os pol\u00edcias que trabalham na Zona Azul, onde decorrem as negocia\u00e7\u00f5es ao mais alto n\u00edvel, resistem a provar o desejado pastel. Em menos de 60 minutos, s\u00e3o servidas 80 garrafas de vinho.<\/p>\n","protected":false},"excerpt":{"rendered":"S\u00e3o 17 horas em Bel\u00e9m do Par\u00e1, no Brasil, e ainda falta uma hora para os past\u00e9is de&hellip;\n","protected":false},"author":2,"featured_media":158231,"comment_status":"","ping_status":"","sticky":false,"template":"","format":"standard","meta":{"footnotes":""},"categories":[10],"tags":[964,27,28,6391,15,16,14,25,26,21,22,619,12,13,19,20,32,23,24,33,17,18,29,30,31],"class_list":{"0":"post-158230","1":"post","2":"type-post","3":"status-publish","4":"format-standard","5":"has-post-thumbnail","7":"category-portugal","8":"tag-ambiente","9":"tag-breaking-news","10":"tag-breakingnews","11":"tag-cop30","12":"tag-featured-news","13":"tag-featurednews","14":"tag-headlines","15":"tag-latest-news","16":"tag-latestnews","17":"tag-main-news","18":"tag-mainnews","19":"tag-nacional","20":"tag-news","21":"tag-noticias","22":"tag-noticias-principais","23":"tag-noticiasprincipais","24":"tag-portugal","25":"tag-principais-noticias","26":"tag-principaisnoticias","27":"tag-pt","28":"tag-top-stories","29":"tag-topstories","30":"tag-ultimas","31":"tag-ultimas-noticias","32":"tag-ultimasnoticias"},"share_on_mastodon":{"url":"https:\/\/pubeurope.com\/@pt\/115578918892453268","error":""},"_links":{"self":[{"href":"https:\/\/www.europesays.com\/pt\/wp-json\/wp\/v2\/posts\/158230","targetHints":{"allow":["GET"]}}],"collection":[{"href":"https:\/\/www.europesays.com\/pt\/wp-json\/wp\/v2\/posts"}],"about":[{"href":"https:\/\/www.europesays.com\/pt\/wp-json\/wp\/v2\/types\/post"}],"author":[{"embeddable":true,"href":"https:\/\/www.europesays.com\/pt\/wp-json\/wp\/v2\/users\/2"}],"replies":[{"embeddable":true,"href":"https:\/\/www.europesays.com\/pt\/wp-json\/wp\/v2\/comments?post=158230"}],"version-history":[{"count":0,"href":"https:\/\/www.europesays.com\/pt\/wp-json\/wp\/v2\/posts\/158230\/revisions"}],"wp:featuredmedia":[{"embeddable":true,"href":"https:\/\/www.europesays.com\/pt\/wp-json\/wp\/v2\/media\/158231"}],"wp:attachment":[{"href":"https:\/\/www.europesays.com\/pt\/wp-json\/wp\/v2\/media?parent=158230"}],"wp:term":[{"taxonomy":"category","embeddable":true,"href":"https:\/\/www.europesays.com\/pt\/wp-json\/wp\/v2\/categories?post=158230"},{"taxonomy":"post_tag","embeddable":true,"href":"https:\/\/www.europesays.com\/pt\/wp-json\/wp\/v2\/tags?post=158230"}],"curies":[{"name":"wp","href":"https:\/\/api.w.org\/{rel}","templated":true}]}}