{"id":158234,"date":"2025-11-19T23:24:26","date_gmt":"2025-11-19T23:24:26","guid":{"rendered":"https:\/\/www.europesays.com\/pt\/158234\/"},"modified":"2025-11-19T23:24:26","modified_gmt":"2025-11-19T23:24:26","slug":"romance-no-ar-foto-comprometedora-de-joao-ricardo-com-joana-diniz-reacende-rumores-secret-story","status":"publish","type":"post","link":"https:\/\/www.europesays.com\/pt\/158234\/","title":{"rendered":"Romance no ar? Foto comprometedora de Jo\u00e3o Ricardo com Joana Diniz reacende rumores &#8211; Secret Story"},"content":{"rendered":"<p data-end=\"750\" data-start=\"418\"><strong>Jo\u00e3o Ricardo<\/strong>, ex-concorrente do <strong><a href=\"https:\/\/tvi.iol.pt\/secretstory\/\" target=\"_blank\" rel=\"nofollow noopener\">Secret Story <\/a>8<\/strong>, deixou os f\u00e3s em alvoro\u00e7o ao partilhar uma nova fotografia ao lado de <strong>Joana Diniz<\/strong>, antiga participante da <strong>Casa dos Segredos<\/strong>. Na imagem, os dois surgem a sorrir, muito pr\u00f3ximos e com as caras encostadas, num registo que rapidamente reacendeu rumores antigos de um poss\u00edvel romance.<\/p>\n<p data-end=\"1042\" data-start=\"752\">A cumplicidade evidente entre Jo\u00e3o Ricardo e Joana Diniz n\u00e3o passou despercebida. Apesar de as suspeitas j\u00e1 circularem h\u00e1 algum tempo, os dois nunca assumiram qualquer envolvimento amoroso.<\/p>\n<p data-end=\"1306\" data-is-last-node=\"\" data-is-only-node=\"\" data-start=\"1044\">Ainda assim, a nova aproxima\u00e7\u00e3o p\u00fablica promete dar que falar e alimentar novas especula\u00e7\u00f5es sobre o que poder\u00e1 existir para al\u00e9m da amizade.<\/p>\n<p data-end=\"1306\" data-is-last-node=\"\" data-is-only-node=\"\" data-start=\"1044\">Resta agora saber se Jo\u00e3o Ricardo e Joana Diniz v\u00e3o esclarecer o momento c\u00famplice ou continuar a deixar os f\u00e3s curiosos.<\/p>\n<p>Veja a fotografia aqui: <\/p>\n<p><img loading=\"lazy\" decoding=\"async\" alt=\"\" height=\"891\" src=\"https:\/\/www.europesays.com\/pt\/wp-content\/uploads\/2025\/11\/691df2c3d34e2bd5c6d42de5.webp\" width=\"500\"\/><\/p>\n<p data-end=\"1306\" data-is-last-node=\"\" data-is-only-node=\"\" data-start=\"1044\">\u00a0<\/p>\n","protected":false},"excerpt":{"rendered":"Jo\u00e3o Ricardo, ex-concorrente do Secret Story 8, deixou os f\u00e3s em alvoro\u00e7o ao partilhar uma nova fotografia ao&hellip;\n","protected":false},"author":2,"featured_media":158235,"comment_status":"","ping_status":"","sticky":false,"template":"","format":"standard","meta":{"footnotes":""},"categories":[142],"tags":[18706,2632,114,115,18705,3213,1829,32,33,1315,151,18704],"class_list":{"0":"post-158234","1":"post","2":"type-post","3":"status-publish","4":"format-standard","5":"has-post-thumbnail","7":"category-tv","8":"tag-bastidores-secret-story","9":"tag-casa-dos-segredos","10":"tag-entertainment","11":"tag-entretenimento","12":"tag-entrevistas-concorrentes-tvi","13":"tag-joana-diniz","14":"tag-joao-ricardo","15":"tag-portugal","16":"tag-pt","17":"tag-secret-story","18":"tag-tv","19":"tag-vida-fora-da-casa"},"share_on_mastodon":{"url":"https:\/\/pubeurope.com\/@pt\/115578947408902211","error":""},"_links":{"self":[{"href":"https:\/\/www.europesays.com\/pt\/wp-json\/wp\/v2\/posts\/158234","targetHints":{"allow":["GET"]}}],"collection":[{"href":"https:\/\/www.europesays.com\/pt\/wp-json\/wp\/v2\/posts"}],"about":[{"href":"https:\/\/www.europesays.com\/pt\/wp-json\/wp\/v2\/types\/post"}],"author":[{"embeddable":true,"href":"https:\/\/www.europesays.com\/pt\/wp-json\/wp\/v2\/users\/2"}],"replies":[{"embeddable":true,"href":"https:\/\/www.europesays.com\/pt\/wp-json\/wp\/v2\/comments?post=158234"}],"version-history":[{"count":0,"href":"https:\/\/www.europesays.com\/pt\/wp-json\/wp\/v2\/posts\/158234\/revisions"}],"wp:featuredmedia":[{"embeddable":true,"href":"https:\/\/www.europesays.com\/pt\/wp-json\/wp\/v2\/media\/158235"}],"wp:attachment":[{"href":"https:\/\/www.europesays.com\/pt\/wp-json\/wp\/v2\/media?parent=158234"}],"wp:term":[{"taxonomy":"category","embeddable":true,"href":"https:\/\/www.europesays.com\/pt\/wp-json\/wp\/v2\/categories?post=158234"},{"taxonomy":"post_tag","embeddable":true,"href":"https:\/\/www.europesays.com\/pt\/wp-json\/wp\/v2\/tags?post=158234"}],"curies":[{"name":"wp","href":"https:\/\/api.w.org\/{rel}","templated":true}]}}