{"id":158242,"date":"2025-11-19T23:31:33","date_gmt":"2025-11-19T23:31:33","guid":{"rendered":"https:\/\/www.europesays.com\/pt\/158242\/"},"modified":"2025-11-19T23:31:33","modified_gmt":"2025-11-19T23:31:33","slug":"as-marcas-de-hibridos-com-baterias-mais-duradouras","status":"publish","type":"post","link":"https:\/\/www.europesays.com\/pt\/158242\/","title":{"rendered":"As marcas de h\u00edbridos com baterias mais duradouras"},"content":{"rendered":"<p class=\"wp-caption-text top\"><a href=\"https:\/\/media.mercedes-benz.pt\/mercedes-amg-glc-suv-disponivel-na-verso-hibrida-desportiva\/\" rel=\"nofollow external noopener noreferrer\" data-wpel-link=\"external\" target=\"_blank\" class=\"ext-link\">Mercedes-Benz<\/a><\/p>\n<p><img decoding=\"async\" loading=\"lazy\" class=\"wp-image-712118 size-kopa-image-size-3\" src=\"https:\/\/www.europesays.com\/pt\/wp-content\/uploads\/2025\/11\/2dba8d6250c9d90908428029622ac229-783x450.jpg\" alt=\"\" width=\"700\" height=\"402\"\/><\/p>\n<p><strong> A marca conta, e muito, na durabilidade, apurou enorme levantamento de seis anos da ADAC com a AVILOO. Mercedes-Benz dominou, Mitsubishi desiludiu.<\/strong><\/p>\n<p>J\u00e1 alguma vez se perguntou se todas as baterias dos carros h\u00edbridos plug-in envelhecem da mesma forma e ao mesmo ritmo? Se sim, saiba que existem <strong>varia\u00e7\u00f5es consoante a marca<\/strong>, revela um levantamento do clube autom\u00f3vel alem\u00e3o <a href=\"https:\/\/www.adac.de\/rund-ums-fahrzeug\/elektromobilitaet\/elektroauto\/plug-in-hybrid-akku-alterung\/\" data-wpel-link=\"external\" target=\"_blank\" rel=\"nofollow external noopener noreferrer\" class=\"ext-link\">ADAC<\/a>, em parceria com a austr\u00edaca AVILOO.<\/p>\n<p>O estudo baseou-se em mais de <strong>28.500 medi\u00e7\u00f5es<\/strong> do estado da bateria de carros PHEV ao longo de seis anos, para analisar a degrada\u00e7\u00e3o em condi\u00e7\u00f5es reais de utiliza\u00e7\u00e3o, oferecendo um panorama claro sobre o envelhecimento destes componentes.<\/p>\n<p>O resultado? A marca conta, e muito, na durabilidade. De forma resumida, as marcas premium demonstraram maior estabilidade e resist\u00eancia ao desgaste com o passar do tempo e da quilometragem. Por outro lado, alguns modelos mais acess\u00edveis apresentaram sinais de perda de capacidade mais cedo.<\/p>\n<p>Entre os resultados, a <strong><a href=\"https:\/\/zap.aeiou.pt\/tag\/mercedes\" data-wpel-link=\"internal\" rel=\"nofollow noopener\" target=\"_blank\">Mercedes<\/a>-Benz destacou-se<\/strong> pelo desempenho superior, mostrando que manteve a estabilidade da bateria mesmo ap\u00f3s percorrer 200.000 km. A <a href=\"https:\/\/zap.aeiou.pt\/tag\/bmw\" data-wpel-link=\"internal\" rel=\"nofollow noopener\" target=\"_blank\">BMW<\/a> e a <a href=\"https:\/\/zap.aeiou.pt\/tag\/volvo\" data-wpel-link=\"internal\" rel=\"nofollow noopener\" target=\"_blank\">Volvo<\/a> tamb\u00e9m registaram bom desempenho no modo 100% el\u00e9trico.<\/p>\n<p>Por outro lado, a <a href=\"https:\/\/zap.aeiou.pt\/tag\/mitsubishi\" data-wpel-link=\"internal\" rel=\"nofollow noopener\" target=\"_blank\">Mitsubishi<\/a><strong> desiludiu<\/strong> com os seus PHEV, que apresentaram uma perda significativa da capacidade da bateria mesmo com quilometragens baixas. A <a href=\"https:\/\/zap.aeiou.pt\/tag\/ford\" data-wpel-link=\"internal\" rel=\"nofollow noopener\" target=\"_blank\">Ford<\/a> tamb\u00e9m apresentou resultados preocupantes, com uma tend\u00eancia de r\u00e1pida diminui\u00e7\u00e3o da capacidade da bateria, independentemente do perfil de utiliza\u00e7\u00e3o.<\/p>\n<p>Embora o estudo tenha algumas limita\u00e7\u00f5es (por exemplo, a amostra de carros da Ford era pequena, o que dificulta proje\u00e7\u00f5es precisas), o resultado geral indica que a maior parte dos carros analisados manteve mais de 80% da capacidade original da bateria mesmo ap\u00f3s longas dist\u00e2ncias.<\/p>\n<p>    <a href=\"https:\/\/zap.aeiou.pt\/subscrever-newsletter\" data-wpel-link=\"internal\" rel=\"nofollow noopener\" target=\"_blank\">&#13;<br \/>\n        <img loading=\"lazy\" decoding=\"async\" class=\"aligncenter size-full wp-image-575475\" src=\"https:\/\/www.europesays.com\/pt\/wp-content\/uploads\/2025\/11\/2d51fe4a0ba54894421ead1809309ed9-1-450x140.jpg\" alt=\"Subscreva a Newsletter ZAP\" width=\"450\" height=\"140\"\/>&#13;<br \/>\n    <\/a><\/p>\n<p>                <a href=\"https:\/\/whatsapp.com\/channel\/0029VaIC4EE2f3EJZPPSbR34\" data-wpel-link=\"external\" target=\"_blank\" rel=\"nofollow external noopener noreferrer\" class=\"ext-link\">&#13;<br \/>\n                    <img loading=\"lazy\" decoding=\"async\" class=\"aligncenter size-full wp-image-575475\" src=\"https:\/\/www.europesays.com\/pt\/wp-content\/uploads\/2025\/11\/c68c559d956d4ca20f435ed74a6e71e6.png\" alt=\"Siga-nos no WhatsApp\" width=\"175\" height=\"64\"\/>&#13;<br \/>\n                <\/a><\/p>\n<p>                <a href=\"https:\/\/news.google.com\/publications\/CAAiEHRwZondIV71PDjWNoqMduEqFAgKIhB0cGaJ3SFe9Tw41jaKjHbh?hl=en-US&amp;gl=US&amp;ceid=US%3Aen\" data-wpel-link=\"external\" target=\"_blank\" rel=\"nofollow external noopener noreferrer\" class=\"ext-link\">&#13;<br \/>\n                    <img loading=\"lazy\" decoding=\"async\" class=\"aligncenter size-full wp-image-575475\" src=\"https:\/\/www.europesays.com\/pt\/wp-content\/uploads\/2025\/11\/5123dd8b087b644fdb8f8603acd1bad4.png\" alt=\"Siga-nos no Google News\" width=\"176\" height=\"64\"\/>&#13;<br \/>\n                <\/a><\/p>\n","protected":false},"excerpt":{"rendered":"Mercedes-Benz A marca conta, e muito, na durabilidade, apurou enorme levantamento de seis anos da ADAC com a&hellip;\n","protected":false},"author":2,"featured_media":158243,"comment_status":"","ping_status":"","sticky":false,"template":"","format":"standard","meta":{"footnotes":""},"categories":[83],"tags":[2702,344,88,3981,89,428,90,7386,551,4459,20128,32,33,14783],"class_list":{"0":"post-158242","1":"post","2":"type-post","3":"status-publish","4":"format-standard","5":"has-post-thumbnail","7":"category-empresas","8":"tag-auto","9":"tag-bmw","10":"tag-business","11":"tag-carro","12":"tag-economy","13":"tag-eletricos","14":"tag-empresas","15":"tag-ford","16":"tag-marcas","17":"tag-mercedes","18":"tag-mitsubishi","19":"tag-portugal","20":"tag-pt","21":"tag-volvo"},"share_on_mastodon":{"url":"https:\/\/pubeurope.com\/@pt\/115578974427936862","error":""},"_links":{"self":[{"href":"https:\/\/www.europesays.com\/pt\/wp-json\/wp\/v2\/posts\/158242","targetHints":{"allow":["GET"]}}],"collection":[{"href":"https:\/\/www.europesays.com\/pt\/wp-json\/wp\/v2\/posts"}],"about":[{"href":"https:\/\/www.europesays.com\/pt\/wp-json\/wp\/v2\/types\/post"}],"author":[{"embeddable":true,"href":"https:\/\/www.europesays.com\/pt\/wp-json\/wp\/v2\/users\/2"}],"replies":[{"embeddable":true,"href":"https:\/\/www.europesays.com\/pt\/wp-json\/wp\/v2\/comments?post=158242"}],"version-history":[{"count":0,"href":"https:\/\/www.europesays.com\/pt\/wp-json\/wp\/v2\/posts\/158242\/revisions"}],"wp:featuredmedia":[{"embeddable":true,"href":"https:\/\/www.europesays.com\/pt\/wp-json\/wp\/v2\/media\/158243"}],"wp:attachment":[{"href":"https:\/\/www.europesays.com\/pt\/wp-json\/wp\/v2\/media?parent=158242"}],"wp:term":[{"taxonomy":"category","embeddable":true,"href":"https:\/\/www.europesays.com\/pt\/wp-json\/wp\/v2\/categories?post=158242"},{"taxonomy":"post_tag","embeddable":true,"href":"https:\/\/www.europesays.com\/pt\/wp-json\/wp\/v2\/tags?post=158242"}],"curies":[{"name":"wp","href":"https:\/\/api.w.org\/{rel}","templated":true}]}}