{"id":158251,"date":"2025-11-19T23:51:15","date_gmt":"2025-11-19T23:51:15","guid":{"rendered":"https:\/\/www.europesays.com\/pt\/158251\/"},"modified":"2025-11-19T23:51:15","modified_gmt":"2025-11-19T23:51:15","slug":"toy-story-5-ninguem-liga-para-brinquedos-diz-diretor","status":"publish","type":"post","link":"https:\/\/www.europesays.com\/pt\/158251\/","title":{"rendered":"Toy Story 5 | &#8220;Ningu\u00e9m liga para brinquedos&#8221;, diz diretor"},"content":{"rendered":"<p>  <img decoding=\"async\" src=\"https:\/\/cdn.ome.lt\/static\/omelete\/img\/loading.svg\" alt=\"\"\/><\/p>\n<p>  <img decoding=\"async\" class=\"article__cover__image\" data-lazy-src-mob=\"\/\/cdn.ome.lt\/p3hhglXrYaNIQXGU4Sl_38sxtsI=\/570x0\/smart\/filters:format(webp)\/uploads\/conteudo\/fotos\/Quando-estreia-Toy-Story-5-nova-sequencia-da-animacao-da-Pixar.jpg\" data-lazy-src=\"https:\/\/cdn.ome.lt\/4Ws88HNYD_Cw1GoGG9QfLLauMhk=\/987x0\/smart\/filters:format(webp)\/uploads\/conteudo\/fotos\/Quando-estreia-Toy-Story-5-nova-sequencia-da-animacao-da-Pixar.jpg\" src=\"data:image\/png;base64,iVBORw0KGgoAAAANSUhEUgAAAAEAAAABCAQAAAC1HAwCAAAAC0lEQVR42mNkYAAAAAYAAjCB0C8AAAAASUVORK5CYII=\" alt=\"Toy Story 5\" title=\"Toy Story 5\" width=\"987\" height=\"555\" fetchpriority=\"high\"\/><\/p>\n<p class=\"article__cover__credits\">\n  Cr\u00e9ditos da imagem:<br \/>\n  Reprodu\u00e7\u00e3o\n<\/p>\n<p>Em entrevista para a\u00a0Empire,\u00a0o diretor de\u00a0<a href=\"https:\/\/www.omelete.com.br\/busca?q=toy+story+5\" rel=\"nofollow noopener\" target=\"_blank\"><strong>Toy Story 5<\/strong><\/a>,\u00a0<strong>Andrew Stanton<\/strong>, defendeu a realiza\u00e7\u00e3o do filme, apesar de algumas pessoas acreditarem que a franquia estaria indo longe demais.\u00a0<\/p>\n<p>\u201cEnt\u00e3o, 3 foi o fim\u2026 da era Andy\u201d, disse Stanton \u00e0 Empire. \u201cNingu\u00e9m est\u00e1 sendo privado de sua trilogia. Eles podem ficar com ela e nunca mais assistir a outro filme se n\u00e3o quiserem. Mas eu sempre adorei como este universo nos permite abra\u00e7ar o tempo e a mudan\u00e7a. N\u00e3o h\u00e1 garantia de que ele permanecer\u00e1 congelado no tempo.\u201d<\/p>\n<p>Stanton afirmou que o filme \u201cnem sequer trata de uma batalha em si, mas sim da constata\u00e7\u00e3o de um problema existencial: ningu\u00e9m mais brinca com brinquedos\u201d.<\/p>\n<p>\u00a0<\/p>\n<p>\u201cA tecnologia mudou a vida de todos, mas questionamos o que isso significa para n\u00f3s \u2014 e para nossos filhos. N\u00e3o podemos simplesmente demonizar a tecnologia\u201d, acrescentou Stanton.<\/p>\n<p>            Continua depois da Publicidade<\/p>\n<p>\u00a0<\/p>\n<p>    <strong>Tudo sobre Toy Story 5<\/strong><\/p>\n<p>Anunciado em fevereiro de 2023,\u00a0Toy Story 5\u00a0continuar\u00e1 a hist\u00f3ria dos filmes lan\u00e7ados entre 1995 e 2019 pela\u00a0Pixar, acompanhando Woody (<strong>Tom Hanks\u00a0<\/strong>em ingl\u00eas), Buzz (<strong>Tim Allen\u00a0<\/strong>em ingl\u00eas) e outros brinquedos que adquirem consci\u00eancia quando seus donos n\u00e3o est\u00e3o olhando.<\/p>\n<p>No novo filme, que ter\u00e1 Jessie como uma das protagonistas e o retorno de Woody, Buzz e Garfinho, os brinquedos ver\u00e3o a aten\u00e7\u00e3o de Bonnie sendo desviada por um tipo novo de atra\u00e7\u00e3o: um tablet infantil chamado LilyPad, que acredita saber o que \u00e9 melhor para a menina. Outro personagem in\u00e9dito no longa ser\u00e1 Smarty Pants, um brinquedo para treinar Bonnie a usar a privada que, em ingl\u00eas, ter\u00e1 a voz do comediante Conan O&#8217;Brien.<\/p>\n<p>O primeiro filme, de 1995, foi o longa-metragem de estreia da Pixar, e revolucionouo mundo da anima\u00e7\u00e3o com a tecnologia 3D que passou a ser insepar\u00e1vel do est\u00fadio, depois adquirido pela Pixar. A franquia \u00e9, de longe, a mais bem-sucedida da Pixar, com dois filmes (Toy Story 3\u00a0e\u00a0Toy Story 4) passando de US$ 1 bilh\u00e3o na bilheteria.<\/p>\n<p>            Continua depois da Publicidade<\/p>\n<p>Com a adi\u00e7\u00e3o do spin-off\u00a0Lightyear, de 2022, a franquia j\u00e1 arrecadou mais de US$ 3.2 bilh\u00f5es nas bilheterias mundiais. Todos os longas est\u00e3o dispon\u00edveis para streaming no\u00a0<strong>Disney+<\/strong>.<\/p>\n<p data-gtm-vis-first-on-screen67967661_30=\"1984\" data-gtm-vis-has-fired67967661_30=\"1\" data-gtm-vis-total-visible-time67967661_30=\"100\">Dirigido por\u00a0<strong>Andrew Stanton\u00a0<\/strong>(Wall-E,\u00a0Procurando Nemo), que tamb\u00e9m escreveu o roteiro, e\u00a0<strong>McKenna Harris<\/strong>, artista da Pixar que trabalhou em\u00a0Luca\u00a0e\u00a0Elementos,\u00a0Toy Story 5 tem data de estreia marcada para 18 de junho de 2026 no Brasil.<\/p>\n","protected":false},"excerpt":{"rendered":"Cr\u00e9ditos da imagem: Reprodu\u00e7\u00e3o Em entrevista para a\u00a0Empire,\u00a0o diretor de\u00a0Toy Story 5,\u00a0Andrew Stanton, defendeu a realiza\u00e7\u00e3o do filme,&hellip;\n","protected":false},"author":2,"featured_media":158252,"comment_status":"","ping_status":"","sticky":false,"template":"","format":"standard","meta":{"footnotes":""},"categories":[140],"tags":[114,115,147,148,146,32,33],"class_list":{"0":"post-158251","1":"post","2":"type-post","3":"status-publish","4":"format-standard","5":"has-post-thumbnail","7":"category-filmes","8":"tag-entertainment","9":"tag-entretenimento","10":"tag-film","11":"tag-filmes","12":"tag-movies","13":"tag-portugal","14":"tag-pt"},"share_on_mastodon":{"url":"https:\/\/pubeurope.com\/@pt\/115579052774515084","error":""},"_links":{"self":[{"href":"https:\/\/www.europesays.com\/pt\/wp-json\/wp\/v2\/posts\/158251","targetHints":{"allow":["GET"]}}],"collection":[{"href":"https:\/\/www.europesays.com\/pt\/wp-json\/wp\/v2\/posts"}],"about":[{"href":"https:\/\/www.europesays.com\/pt\/wp-json\/wp\/v2\/types\/post"}],"author":[{"embeddable":true,"href":"https:\/\/www.europesays.com\/pt\/wp-json\/wp\/v2\/users\/2"}],"replies":[{"embeddable":true,"href":"https:\/\/www.europesays.com\/pt\/wp-json\/wp\/v2\/comments?post=158251"}],"version-history":[{"count":0,"href":"https:\/\/www.europesays.com\/pt\/wp-json\/wp\/v2\/posts\/158251\/revisions"}],"wp:featuredmedia":[{"embeddable":true,"href":"https:\/\/www.europesays.com\/pt\/wp-json\/wp\/v2\/media\/158252"}],"wp:attachment":[{"href":"https:\/\/www.europesays.com\/pt\/wp-json\/wp\/v2\/media?parent=158251"}],"wp:term":[{"taxonomy":"category","embeddable":true,"href":"https:\/\/www.europesays.com\/pt\/wp-json\/wp\/v2\/categories?post=158251"},{"taxonomy":"post_tag","embeddable":true,"href":"https:\/\/www.europesays.com\/pt\/wp-json\/wp\/v2\/tags?post=158251"}],"curies":[{"name":"wp","href":"https:\/\/api.w.org\/{rel}","templated":true}]}}