{"id":158257,"date":"2025-11-19T23:56:35","date_gmt":"2025-11-19T23:56:35","guid":{"rendered":"https:\/\/www.europesays.com\/pt\/158257\/"},"modified":"2025-11-19T23:56:35","modified_gmt":"2025-11-19T23:56:35","slug":"cloudflare-falha-na-rede-social-x-e-chatgpt-foi-causada-por-falha-interna","status":"publish","type":"post","link":"https:\/\/www.europesays.com\/pt\/158257\/","title":{"rendered":"Cloudflare. Falha na rede social X e ChatGPT foi causada por falha interna"},"content":{"rendered":"<p>                A empresa de servi\u00e7os de seguran\u00e7a de internet e servidores sofreu uma interrup\u00e7\u00e3o nos seus servi\u00e7os na ter\u00e7a-feira, o que impediu os utilizadores de aceder a servi\u00e7os como a rede social X ou o &#8216;chatbot&#8217; ChatGPT. <\/p>\n<p>Embora o incidente tenha sido resolvido em poucas horas, o cofundador e diretor executivo da Cloudflare, Matthew Prince, explicou que o problema &#8220;n\u00e3o foi causado, direta ou indiretamente, por um ciberataque ou por qualquer atividade maliciosa&#8221;.<\/p>\n<p>Em comunicado, citado pela ag\u00eancia Europa Press, o respons\u00e1vel detalhou que inicialmente havia suspeitas erradas de que as falhas fossem causadas por um ataque em grande escala, atrav\u00e9s de uma a\u00e7\u00e3o maliciosa em que o atacante envia muitas solicita\u00e7\u00f5es ao mesmo servidor ao mesmo tempo, com a inten\u00e7\u00e3o de sobrecarreg\u00e1-lo.<\/p>\n<p>Nesta situa\u00e7\u00e3o, o servidor n\u00e3o consegue lidar com todas as solicita\u00e7\u00f5es e nega o acesso ao servi\u00e7o.<\/p>\n<p>No entanto, a Cloudflare acabou por identificar corretamente o problema, dizendo ter ocorrido devido a uma altera\u00e7\u00e3o nas permiss\u00f5es de um dos seus sistemas de bases de dados, o que, por sua vez, causou uma m\u00e1 configura\u00e7\u00e3o de consultas num sistema dedicado a limitar o tr\u00e1fego de &#8216;bots&#8217;, provocando uma falha no &#8216;software&#8217;.<\/p>\n<p>Essa altera\u00e7\u00e3o nas permiss\u00f5es do sistema de bases de dados fez com que fossem geradas v\u00e1rias entradas num &#8216;ficheiro de caracter\u00edsticas&#8217; utilizado pelo sistema de gest\u00e3o de &#8216;bots&#8217;, que duplicou de tamanho, propagando-se por toda a rede.<\/p>\n<p>O &#8216;software&#8217; destinado a encaminhar o tr\u00e1fego atrav\u00e9s da rede da empresa utiliza este &#8216;ficheiro de caracter\u00edsticas&#8217; para &#8220;manter atualizado o sistema de gest\u00e3o de &#8216;bots&#8217; face \u00e0s amea\u00e7as em constante evolu\u00e7\u00e3o&#8221;.<\/p>\n<p>Neste sentido, Matthew Prince explicou que o &#8216;ficheiro de caracter\u00edsticas&#8217; ultrapassou o limite de tamanho suportado pelo &#8216;software&#8217;, causando uma falha no seu funcionamento e impedindo o acesso aos &#8216;sites&#8217; dos clientes.<\/p>\n<p>O respons\u00e1vel da empresa refletiu que se trata da &#8220;pior interrup\u00e7\u00e3o do servi\u00e7o da Cloudflare desde 2019&#8221;, pelo que lamentou os transtornos causados e afirmou que qualquer interrup\u00e7\u00e3o dos seus sistemas &#8220;\u00e9 inaceit\u00e1vel&#8221;.&#13;\n            <\/p>\n","protected":false},"excerpt":{"rendered":"A empresa de servi\u00e7os de seguran\u00e7a de internet e servidores sofreu uma interrup\u00e7\u00e3o nos seus servi\u00e7os na ter\u00e7a-feira,&hellip;\n","protected":false},"author":2,"featured_media":158258,"comment_status":"","ping_status":"","sticky":false,"template":"","format":"standard","meta":{"footnotes":""},"categories":[83],"tags":[88,89,90,13,32,33,420,421],"class_list":{"0":"post-158257","1":"post","2":"type-post","3":"status-publish","4":"format-standard","5":"has-post-thumbnail","7":"category-empresas","8":"tag-business","9":"tag-economy","10":"tag-empresas","11":"tag-noticias","12":"tag-portugal","13":"tag-pt","14":"tag-rtp","15":"tag-rtp-noticias"},"share_on_mastodon":{"url":"https:\/\/pubeurope.com\/@pt\/115579072375841411","error":""},"_links":{"self":[{"href":"https:\/\/www.europesays.com\/pt\/wp-json\/wp\/v2\/posts\/158257","targetHints":{"allow":["GET"]}}],"collection":[{"href":"https:\/\/www.europesays.com\/pt\/wp-json\/wp\/v2\/posts"}],"about":[{"href":"https:\/\/www.europesays.com\/pt\/wp-json\/wp\/v2\/types\/post"}],"author":[{"embeddable":true,"href":"https:\/\/www.europesays.com\/pt\/wp-json\/wp\/v2\/users\/2"}],"replies":[{"embeddable":true,"href":"https:\/\/www.europesays.com\/pt\/wp-json\/wp\/v2\/comments?post=158257"}],"version-history":[{"count":0,"href":"https:\/\/www.europesays.com\/pt\/wp-json\/wp\/v2\/posts\/158257\/revisions"}],"wp:featuredmedia":[{"embeddable":true,"href":"https:\/\/www.europesays.com\/pt\/wp-json\/wp\/v2\/media\/158258"}],"wp:attachment":[{"href":"https:\/\/www.europesays.com\/pt\/wp-json\/wp\/v2\/media?parent=158257"}],"wp:term":[{"taxonomy":"category","embeddable":true,"href":"https:\/\/www.europesays.com\/pt\/wp-json\/wp\/v2\/categories?post=158257"},{"taxonomy":"post_tag","embeddable":true,"href":"https:\/\/www.europesays.com\/pt\/wp-json\/wp\/v2\/tags?post=158257"}],"curies":[{"name":"wp","href":"https:\/\/api.w.org\/{rel}","templated":true}]}}