{"id":158265,"date":"2025-11-20T00:05:10","date_gmt":"2025-11-20T00:05:10","guid":{"rendered":"https:\/\/www.europesays.com\/pt\/158265\/"},"modified":"2025-11-20T00:05:10","modified_gmt":"2025-11-20T00:05:10","slug":"avisem-que-eu-cheguei-sara-correia-apresenta-novo-disco-na-rtp-rtp","status":"publish","type":"post","link":"https:\/\/www.europesays.com\/pt\/158265\/","title":{"rendered":"&quot;Avisem que eu cheguei&quot;. Sara Correia apresenta novo disco na RTP &#8211; RTP"},"content":{"rendered":"<ol>\n<li><a href=\"https:\/\/news.google.com\/rss\/articles\/CBMiqwFBVV95cUxNWFM4RzhlUkxBTm5MUFhCejQ5V2V3T1E3Q3A2Y0k2SHRYNi0yaHNmRWt6TEtkdHNVMlhmb3RmM1ZDdkl1Uy1uc19MSXBHUmZLRnBHODc0ZlNFWHFLSlFIaXM5ZEFJR3hNZFpDX25XaGdTRW1pOGl3Tk54Ui1lbkUwZDF0bzJ0YXRHNzI2UXNCTnVJYVFsWG5pQzFrcmI4bWZmdHRmWmhpVjJrelk?oc=5\" target=\"_blank\" rel=\"nofollow noopener\">&#8220;Avisem que eu cheguei&#8221;. Sara Correia apresenta novo disco na RTP<\/a>&nbsp;&nbsp;RTP<\/li>\n<li><a href=\"https:\/\/news.google.com\/rss\/articles\/CBMixgFBVV95cUxQVHdiX0EwWDVaLS1DMDQ1UTllamtjRjhZdzVvSDA0MWV3ZGRYb2hSeUwySGsydVk3T1pjemljbGo2WjBsUU1qUzRUdjBLNFVPb3I1NkJZeEtFVzdnakNxRkxLSFcyTVpYdHY4T3BDUDl2RHlpckFUMEM2dDdfaWt5d2NmZHpwcE45TmNBWm9vcXNLMFVaNVQyZUdsYUdtOTlVQ1c3X2FZOHktN1pHZ3ZtSVo5dVBlMnVneXR0S2tzWXo3dVVXenc?oc=5\" target=\"_blank\" rel=\"nofollow noopener\">Sara Correia revela novo single \u201cAvisem Que Eu Cheguei&#8221; com a\u00e7\u00f5es em espa\u00e7os p\u00fablicos de Lisboa<\/a>&nbsp;&nbsp;Observador<\/li>\n<li><a href=\"https:\/\/news.google.com\/rss\/articles\/CBMitwFBVV95cUxQQzdpMDgtVW1idnNmaW96dFFtYzQ0YjJKV21xV3RjblRIcGlCV3RZTjJwc0dqVjZIOVV1VlRqclo2MS1XTjZwMUVldXRUdk1DTkVGUi1sVkNxTkthUnNLME81bk9fc0FmOFhVeTJ5M1gxX3Z1eXJoaVBqVFFveVQ0LWg0VWo2N081eGhHRXl6bXJBbUcyTU9RZlMtdWU2aF9BWUhlZ21GUndWaXlkUVhJb2pOVFZ5SkE?oc=5\" target=\"_blank\" rel=\"nofollow noopener\">Viu Sara Correia a cantar no comboio? Sim, ela est\u00e1 a &#8220;invadir a cidade&#8221;<\/a>&nbsp;&nbsp;SAPO<\/li>\n<li><a href=\"https:\/\/news.google.com\/rss\/articles\/CBMi1AFBVV95cUxOLWFtb3Z0N0pEbU9BYU9ZMEY5LTVfOTg0VGpib3A1ZlNYd3h4YnoyT0ZuT25SRExlamo5U2Uwcl83LTdyQjc0UENRT1lWNFg3dmxiME01dkFtYlpRUDBNa1NXSE9hVDdmVTNaSTJsenFrRHlQX090SkxRb3ZNaTl1bVhjc1huX29YUl9MeTg5ZmMtdDIxWHZsS2lsdVo3bmpxb2tkc19ManFfMVJfMHp3bWJSampsN2xNZF9xMTNJRWp5ZFBqX29MQms5NkUzc2ZabEFJZdIBxgFBVV95cUxPNGdpUFhtdVRXMmU2cTBBVWcwRU9oTW9GQmVsb2FTdUlZR0V0bGpMekstdnF2Wm1UQk04cWJFcl9WSjNIZk95elBLaUtnWW50b19nMURmSWg2blQzenAzZW5LcUtDeUt6TzYtWDNCS2lZZDZBbUtNZFNwZGd2LVdTUDlOdjV5azViczdiLXpZcjRUR1dqUDAtbzlzSWp1eFkyZFF5TjVXemxMWS1tQWFaQVp2UWJiMlFzSXNpUFh4Sy1IZHN3Q0E?oc=5\" target=\"_blank\" rel=\"nofollow noopener\">&#8220;Avisem que eu cheguei&#8221;: novo single de Sara Correia \u00e9 apresentado em palcos &#8220;improv\u00e1veis&#8221; de Lisboa<\/a>&nbsp;&nbsp;TSF<\/li>\n<\/ol>\n","protected":false},"excerpt":{"rendered":"&#8220;Avisem que eu cheguei&#8221;. Sara Correia apresenta novo disco na RTP&nbsp;&nbsp;RTP Sara Correia revela novo single \u201cAvisem Que&hellip;\n","protected":false},"author":2,"featured_media":158266,"comment_status":"","ping_status":"","sticky":false,"template":"","format":"standard","meta":{"footnotes":""},"categories":[141],"tags":[114,115,149,150,13,32,33,420,421],"class_list":{"0":"post-158265","1":"post","2":"type-post","3":"status-publish","4":"format-standard","5":"has-post-thumbnail","7":"category-musica","8":"tag-entertainment","9":"tag-entretenimento","10":"tag-music","11":"tag-musica","12":"tag-noticias","13":"tag-portugal","14":"tag-pt","15":"tag-rtp","16":"tag-rtp-noticias"},"share_on_mastodon":{"url":"https:\/\/pubeurope.com\/@pt\/115579108035264495","error":""},"_links":{"self":[{"href":"https:\/\/www.europesays.com\/pt\/wp-json\/wp\/v2\/posts\/158265","targetHints":{"allow":["GET"]}}],"collection":[{"href":"https:\/\/www.europesays.com\/pt\/wp-json\/wp\/v2\/posts"}],"about":[{"href":"https:\/\/www.europesays.com\/pt\/wp-json\/wp\/v2\/types\/post"}],"author":[{"embeddable":true,"href":"https:\/\/www.europesays.com\/pt\/wp-json\/wp\/v2\/users\/2"}],"replies":[{"embeddable":true,"href":"https:\/\/www.europesays.com\/pt\/wp-json\/wp\/v2\/comments?post=158265"}],"version-history":[{"count":0,"href":"https:\/\/www.europesays.com\/pt\/wp-json\/wp\/v2\/posts\/158265\/revisions"}],"wp:featuredmedia":[{"embeddable":true,"href":"https:\/\/www.europesays.com\/pt\/wp-json\/wp\/v2\/media\/158266"}],"wp:attachment":[{"href":"https:\/\/www.europesays.com\/pt\/wp-json\/wp\/v2\/media?parent=158265"}],"wp:term":[{"taxonomy":"category","embeddable":true,"href":"https:\/\/www.europesays.com\/pt\/wp-json\/wp\/v2\/categories?post=158265"},{"taxonomy":"post_tag","embeddable":true,"href":"https:\/\/www.europesays.com\/pt\/wp-json\/wp\/v2\/tags?post=158265"}],"curies":[{"name":"wp","href":"https:\/\/api.w.org\/{rel}","templated":true}]}}