{"id":158275,"date":"2025-11-20T00:13:03","date_gmt":"2025-11-20T00:13:03","guid":{"rendered":"https:\/\/www.europesays.com\/pt\/158275\/"},"modified":"2025-11-20T00:13:03","modified_gmt":"2025-11-20T00:13:03","slug":"arvore-de-natal-esta-e-a-verdadeira-historia-e-origem-do-icone-de-dezembro-smart","status":"publish","type":"post","link":"https:\/\/www.europesays.com\/pt\/158275\/","title":{"rendered":"\u00c1rvore de Natal: esta \u00e9 a verdadeira hist\u00f3ria e origem do \u00edcone de dezembro | Smart"},"content":{"rendered":"\n<p class=\" content-text__container \" data-track-category=\"Link no Texto\" data-track-links=\"\"> Do lado oposto, est\u00e3o as \u00e1rvores artificiais. Feitas de materiais n\u00e3o sustent\u00e1veis, \u00e9 verdade que esses pinheiros te oferecem um cat\u00e1logo impressionante de op\u00e7\u00f5es, pois podem ser encontrados em branco, verde, vermelho, metalizados, com glitter ou com <a class=\"\" href=\"https:\/\/casavogue.globo.com\/smart\/noticia\/2025\/11\/cores-da-sorte-2026.ghtml\" rel=\"nofollow noopener\" target=\"_blank\">cores<\/a> e combina\u00e7\u00f5es t\u00e3o alegres quanto o pr\u00f3prio Natal. Outra vantagem que encoraja muitos a comprar uma \u00e1rvore de Natal artificial \u00e9 sua reutiliza\u00e7\u00e3o, j\u00e1 que uma mesma pe\u00e7a pode ser usada por anos e anos, variando apenas o tipo de decora\u00e7\u00e3o conforme as <a class=\"\" href=\"https:\/\/casavogue.globo.com\/smart\/noticia\/2025\/10\/cores-tendencia-natal-2025.ghtml\" rel=\"nofollow noopener\" target=\"_blank\">tend\u00eancias<\/a>. A longo prazo, \u00e9 ineg\u00e1vel o benef\u00edcio econ\u00f4mico. Infelizmente, o ponto negativo \u00e9 a falta de naturalidade, seja dos aromas encantadores ou do ritual de regar o pinheirinho noite ap\u00f3s noite. Como voc\u00ea pode ver, as op\u00e7\u00f5es de pinheiros de Natal se ajustam a cada bolso e gosto. <\/p>\n","protected":false},"excerpt":{"rendered":"Do lado oposto, est\u00e3o as \u00e1rvores artificiais. Feitas de materiais n\u00e3o sustent\u00e1veis, \u00e9 verdade que esses pinheiros te&hellip;\n","protected":false},"author":2,"featured_media":158276,"comment_status":"","ping_status":"","sticky":false,"template":"","format":"standard","meta":{"footnotes":""},"categories":[50],"tags":[27,28,15,16,14,25,26,21,22,62,12,13,19,20,23,24,17,18,29,30,31,63,64,65],"class_list":{"0":"post-158275","1":"post","2":"type-post","3":"status-publish","4":"format-standard","5":"has-post-thumbnail","7":"category-mundo","8":"tag-breaking-news","9":"tag-breakingnews","10":"tag-featured-news","11":"tag-featurednews","12":"tag-headlines","13":"tag-latest-news","14":"tag-latestnews","15":"tag-main-news","16":"tag-mainnews","17":"tag-mundo","18":"tag-news","19":"tag-noticias","20":"tag-noticias-principais","21":"tag-noticiasprincipais","22":"tag-principais-noticias","23":"tag-principaisnoticias","24":"tag-top-stories","25":"tag-topstories","26":"tag-ultimas","27":"tag-ultimas-noticias","28":"tag-ultimasnoticias","29":"tag-world","30":"tag-world-news","31":"tag-worldnews"},"share_on_mastodon":{"url":"https:\/\/pubeurope.com\/@pt\/115579139070832074","error":""},"_links":{"self":[{"href":"https:\/\/www.europesays.com\/pt\/wp-json\/wp\/v2\/posts\/158275","targetHints":{"allow":["GET"]}}],"collection":[{"href":"https:\/\/www.europesays.com\/pt\/wp-json\/wp\/v2\/posts"}],"about":[{"href":"https:\/\/www.europesays.com\/pt\/wp-json\/wp\/v2\/types\/post"}],"author":[{"embeddable":true,"href":"https:\/\/www.europesays.com\/pt\/wp-json\/wp\/v2\/users\/2"}],"replies":[{"embeddable":true,"href":"https:\/\/www.europesays.com\/pt\/wp-json\/wp\/v2\/comments?post=158275"}],"version-history":[{"count":0,"href":"https:\/\/www.europesays.com\/pt\/wp-json\/wp\/v2\/posts\/158275\/revisions"}],"wp:featuredmedia":[{"embeddable":true,"href":"https:\/\/www.europesays.com\/pt\/wp-json\/wp\/v2\/media\/158276"}],"wp:attachment":[{"href":"https:\/\/www.europesays.com\/pt\/wp-json\/wp\/v2\/media?parent=158275"}],"wp:term":[{"taxonomy":"category","embeddable":true,"href":"https:\/\/www.europesays.com\/pt\/wp-json\/wp\/v2\/categories?post=158275"},{"taxonomy":"post_tag","embeddable":true,"href":"https:\/\/www.europesays.com\/pt\/wp-json\/wp\/v2\/tags?post=158275"}],"curies":[{"name":"wp","href":"https:\/\/api.w.org\/{rel}","templated":true}]}}