{"id":158283,"date":"2025-11-20T00:21:13","date_gmt":"2025-11-20T00:21:13","guid":{"rendered":"https:\/\/www.europesays.com\/pt\/158283\/"},"modified":"2025-11-20T00:21:13","modified_gmt":"2025-11-20T00:21:13","slug":"guerreiras-do-k-pop-2-3-coisas-que-as-vozes-de-rumi-mira-e-zoey-querem-no-filme","status":"publish","type":"post","link":"https:\/\/www.europesays.com\/pt\/158283\/","title":{"rendered":"Guerreiras do K-pop 2: 3 coisas que as vozes de Rumi, Mira e Zoey querem no filme"},"content":{"rendered":"<p>Ap\u00f3s o sucesso do primeiro filme, os f\u00e3s aguardam ansiosamente \u201c<a href=\"https:\/\/recreio.com.br\/tags\/guerreiras-do-k-pop\" target=\"_blank\" rel=\"noopener nofollow\">Guerreiras do K-pop<\/a> 2\u201d, filme animado j\u00e1 confirmado que dar\u00e1 sequ\u00eancia a hist\u00f3ria de Rumi, Mira e Zoey, idols do grupo conhecido como HUNTR\/X, as quais levam vidas duplas como ca\u00e7adoras de dem\u00f4nios, protegendo o mundo de criaturas sobrenaturais como o Saja Boys, boy group rival que tem inten\u00e7\u00f5es malignas.<\/p>\n<p>Em produ\u00e7\u00e3o atrav\u00e9s da parceria entre <a href=\"https:\/\/www.netflix.com\/br\/\" target=\"_blank\" rel=\"noopener nofollow\">Netflix<\/a> e Sony Pictures Animation, o longa est\u00e1 previsto para ser lan\u00e7ado no ano de 2029, segundo informa\u00e7\u00f5es divulgadas pela Bloomberg e confirmadas pela Variety, ou seja, cerca de quatro anos depois da estreia da franquia, a qual come\u00e7ou com o lan\u00e7amento do primeiro longa em 23 de agosto de 2025.<\/p>\n<p>Ainda longe de ganhar forma nas telas e com zero detalhes revelados sobre o enredo, as expectativas s\u00f3 crescem acerca da trama que ser\u00e1 abordada na sequ\u00eancia \u2014 o que levou, inclusive, as dubladoras das protagonistas a expressarem suas opini\u00f5es sobre o que gostariam de ver no novo filme; veja o que cada uma delas respondeu:<\/p>\n<p> EJAE \u2014 Rumi <img loading=\"lazy\" decoding=\"async\" class=\"size-full wp-image-58457 img-fluid lazy\" alt=\"\" width=\"2560\" height=\"1809\" src=\"https:\/\/www.europesays.com\/pt\/wp-content\/uploads\/2025\/11\/GettyImages-2220500778-scaled.jpg\"  \/>EJAE no screening especial de \u201cGuerreiras do K-pop\u201d \u2013 Alberto E. Rodriguez\/Getty Images) <\/p>\n<p>Voz cantada de Rumi em \u201cWhat It Sounds Like\u201d, \u201cGolden\u201d, \u201cTakedown\u201d e \u201cHow It\u2019s Done\u201d, do HUNTR\/X, e \u201cFree\u201d, dueto com Jinu, do Saja Boys, a cantora, compositora e produtora musical, <a href=\"https:\/\/www.instagram.com\/ejae_k\/\" target=\"_blank\" rel=\"noopener nofollow\"><strong>EJAE<\/strong><\/a>, destacou que gostaria de ver mais da cultura da Coreia do Sul na anima\u00e7\u00e3o.<\/p>\n<blockquote>\n<p>\u201cMais coisas tradicionais coreanas, hist\u00f3ria tradicional, m\u00fasica, comida\u201d, revelou a artista em entrevista concedida ao ComicBookMovie.<\/p>\n<\/blockquote>\n<p>Vale destacar que o primeiro filme j\u00e1 traz um pouco do que faz parte da hist\u00f3ria do pa\u00eds ao abordar aspectos relacionados a ind\u00fastria da m\u00fasica pop sul-coreana, bem como ao incorporar elementos do xamanismo coreano na hist\u00f3ria das personagens principais.<\/p>\n<p> Audrey Nuna \u2014 Mira <img loading=\"lazy\" decoding=\"async\" class=\"size-full wp-image-58456 img-fluid lazy\" alt=\"\" width=\"2560\" height=\"1707\" src=\"https:\/\/www.europesays.com\/pt\/wp-content\/uploads\/2025\/11\/GettyImages-2220503999-scaled.jpg\"  \/>Audrey Nuna no screening especial de \u201cGuerreiras do K-pop\u201d \u2013 Alberto E. Rodriguez\/Getty Images) <\/p>\n<p>Quanto a <strong>Audrey Nuna<\/strong>, cantora que empresta a voz para Mira nas can\u00e7\u00f5es do HUNTR\/X, o desejo \u00e9 outro: ela contou que gostaria ver realidade e fic\u00e7\u00e3o se misturando dentro da anima\u00e7\u00e3o, j\u00e1 que, com o filme tendo conquistado f\u00e3s no mundo inteiro, gostaria de ver o trio em diferentes aventuras ao redor globo.<\/p>\n<blockquote>\n<p>\u201cQuero ver as garotas em diferentes cidades. Quero ver o que elas levam [globalmente], porque este filme teve um impacto global t\u00e3o grande. Acho que o filme e a realidade t\u00eam tido uma conversa muito louca entre si, e eu adoraria ver isso continuar\u201d, afirmou.<\/p>\n<\/blockquote>\n<p> Rei Ami \u2014 Zoey <img loading=\"lazy\" decoding=\"async\" class=\"size-full wp-image-58455 img-fluid lazy\" alt=\"\" width=\"2560\" height=\"1706\" src=\"https:\/\/www.europesays.com\/pt\/wp-content\/uploads\/2025\/11\/GettyImages-2244398818-scaled.jpg\"  \/>Rei Ami como Zoey para a festa anual de Halloween de Heidi Klum \u2013 Noam Galai\/Getty Images <\/p>\n<p>Por fim, <strong>Rei Ami<\/strong>, cantora que est\u00e1 por tr\u00e1s do rap de Zoey, revelou que tem vontade de descobrir mais sobre o passado das personagens ao afirmar: \u201cEu adoraria ver a hist\u00f3ria de origem de como as garotas se juntaram\u201d.<\/p>\n<p>Na anima\u00e7\u00e3o, \u00e9 revelado apenas que o trio foi escolhido para continuar a linhagem de guerreiras que t\u00eam uma miss\u00e3o passada de gera\u00e7\u00e3o em gera\u00e7\u00e3o: fortalecer o Honmoon, uma barreira m\u00e1gica que protege o mundo dos dem\u00f4nios, atrav\u00e9s da m\u00fasica. Al\u00e9m disso, quando o Honmoon est\u00e1 enfraquecido, cabe a elas lutarem fisicamente contra essas criaturas, usando suas laminas afiadas para cortar todo o mal e garantir que a humanidade permane\u00e7a em seguran\u00e7a.<\/p>\n<p>Uma cria\u00e7\u00e3o de <a href=\"https:\/\/en.wikipedia.org\/wiki\/Maggie_Kang\" target=\"_blank\" rel=\"noopener nofollow\"><strong>Maggie Kang<\/strong><\/a>, \u201cGuerreiras do K-pop\u201d \u00e9 o conte\u00fado mais visto de todo o cat\u00e1logo da Netflix. Relembre o trailer:<\/p>\n<p>        <a href=\"https:\/\/recreio.com.br\/noticias\/author\/izabela-queiroz\" rel=\"nofollow noopener\" target=\"_blank\">&#13;<br \/>\n          <img alt=\"Izabela Queiroz\" src=\"https:\/\/www.europesays.com\/pt\/wp-content\/uploads\/2025\/11\/1763598073_626_73c0b9c1056486c3f0ac887fc031213cdd608512c3b419d28e1ba5da81c3eb12\"  class=\"avatar avatar-115 photo rounded-circle mr-3\" height=\"115\" width=\"115\" loading=\"lazy\" decoding=\"async\"\/>        <\/a><\/p>\n<p>Izabela Queiroz, jornalista por paix\u00e3o e cin\u00e9fila de carteirinha. Formada pela UNINOVE, encontrou na escrita o lugar ideal para unir tudo o que mais gosta: filmes, s\u00e9ries e m\u00fasica. Nos textos, h\u00e1 quase sempre refer\u00eancias a algo relacionado \u00e0 cultura pop que a marcou. Fora deles, a encontrar\u00e1 assistindo hist\u00f3rias com reviravoltas chocantes, romances cativantes e dramas que a fazem chorar.<\/p>\n<p>\t                                            <script async src=\"\/\/www.instagram.com\/embed.js\"><\/script><\/p>\n","protected":false},"excerpt":{"rendered":"Ap\u00f3s o sucesso do primeiro filme, os f\u00e3s aguardam ansiosamente \u201cGuerreiras do K-pop 2\u201d, filme animado j\u00e1 confirmado&hellip;\n","protected":false},"author":2,"featured_media":158284,"comment_status":"","ping_status":"","sticky":false,"template":"","format":"standard","meta":{"footnotes":""},"categories":[140],"tags":[10195,32175,22202,114,115,147,148,4550,24683,29397,146,32,33,30867,29398,29399],"class_list":{"0":"post-158283","1":"post","2":"type-post","3":"status-publish","4":"format-standard","5":"has-post-thumbnail","7":"category-filmes","8":"tag-animacoes","9":"tag-audrey-nuna","10":"tag-ejae","11":"tag-entertainment","12":"tag-entretenimento","13":"tag-film","14":"tag-filmes","15":"tag-guerreiras-do-k-pop","16":"tag-guerreiras-do-k-pop-2","17":"tag-mira","18":"tag-movies","19":"tag-portugal","20":"tag-pt","21":"tag-rei-ami","22":"tag-rumi","23":"tag-zoey"},"share_on_mastodon":{"url":"https:\/\/pubeurope.com\/@pt\/115579170676326460","error":""},"_links":{"self":[{"href":"https:\/\/www.europesays.com\/pt\/wp-json\/wp\/v2\/posts\/158283","targetHints":{"allow":["GET"]}}],"collection":[{"href":"https:\/\/www.europesays.com\/pt\/wp-json\/wp\/v2\/posts"}],"about":[{"href":"https:\/\/www.europesays.com\/pt\/wp-json\/wp\/v2\/types\/post"}],"author":[{"embeddable":true,"href":"https:\/\/www.europesays.com\/pt\/wp-json\/wp\/v2\/users\/2"}],"replies":[{"embeddable":true,"href":"https:\/\/www.europesays.com\/pt\/wp-json\/wp\/v2\/comments?post=158283"}],"version-history":[{"count":0,"href":"https:\/\/www.europesays.com\/pt\/wp-json\/wp\/v2\/posts\/158283\/revisions"}],"wp:featuredmedia":[{"embeddable":true,"href":"https:\/\/www.europesays.com\/pt\/wp-json\/wp\/v2\/media\/158284"}],"wp:attachment":[{"href":"https:\/\/www.europesays.com\/pt\/wp-json\/wp\/v2\/media?parent=158283"}],"wp:term":[{"taxonomy":"category","embeddable":true,"href":"https:\/\/www.europesays.com\/pt\/wp-json\/wp\/v2\/categories?post=158283"},{"taxonomy":"post_tag","embeddable":true,"href":"https:\/\/www.europesays.com\/pt\/wp-json\/wp\/v2\/tags?post=158283"}],"curies":[{"name":"wp","href":"https:\/\/api.w.org\/{rel}","templated":true}]}}