{"id":158287,"date":"2025-11-20T00:24:21","date_gmt":"2025-11-20T00:24:21","guid":{"rendered":"https:\/\/www.europesays.com\/pt\/158287\/"},"modified":"2025-11-20T00:24:21","modified_gmt":"2025-11-20T00:24:21","slug":"noivo-surpreende-convidados-ao-chegar-suspenso-por-baloes-em-casamento","status":"publish","type":"post","link":"https:\/\/www.europesays.com\/pt\/158287\/","title":{"rendered":"Noivo surpreende convidados ao chegar suspenso por bal\u00f5es em casamento"},"content":{"rendered":"<p>Um casamento celebrado no hist\u00f3rico Teatro Antigo de Taormina, na Sic\u00edlia, tornou-se viral depois de o noivo ter escolhido uma entrada pouco convencional: surgiu suspenso por bal\u00f5es brancos, descendo lentamente at\u00e9 ao altar sob o olhar surpreendido de convidados e turistas que visitavam o local.\n<\/p>\n<p>O momento, registado em v\u00e1rios v\u00eddeos partilhados nas redes sociais, mostra o noivo sentado numa pequena plataforma presa aos bal\u00f5es enquanto acena para a plateia, ao som da banda sonora de Super-Homem.\n<\/p>\n<p>A chegada a\u00e9rea foi captada pelo produtor Jeff Aiello, que se encontrava no teatro, por coincid\u00eancia. O epis\u00f3dio ins\u00f3lito transformou o casamento num dos v\u00eddeos virais do momento e num dos mais improv\u00e1veis registos de casamentos.\n<\/p>\n<p>(Imagens: TikTok)<\/p>\n","protected":false},"excerpt":{"rendered":"Um casamento celebrado no hist\u00f3rico Teatro Antigo de Taormina, na Sic\u00edlia, tornou-se viral depois de o noivo ter&hellip;\n","protected":false},"author":2,"featured_media":158288,"comment_status":"","ping_status":"","sticky":false,"template":"","format":"standard","meta":{"footnotes":""},"categories":[85],"tags":[783,778,779,774,764,769,767,772,782,114,115,784,222,771,773,149,768,777,32,33,766,781,765,763,775,780,776,770],"class_list":{"0":"post-158287","1":"post","2":"type-post","3":"status-publish","4":"format-standard","5":"has-post-thumbnail","7":"category-entretenimento","8":"tag-6pm","9":"tag-80s-rfm","10":"tag-80srfm","11":"tag-90s","12":"tag-bruno-mars","13":"tag-cafe-da-manha","14":"tag-comedia","15":"tag-dance-it","16":"tag-emissao-online","17":"tag-entertainment","18":"tag-entretenimento","19":"tag-fridayboyz","20":"tag-humor","21":"tag-jazzy","22":"tag-latinas","23":"tag-music","24":"tag-nilton","25":"tag-oceano-pacifico","26":"tag-portugal","27":"tag-pt","28":"tag-radio","29":"tag-radio-online","30":"tag-rfm","31":"tag-rock-in-rio","32":"tag-rocks","33":"tag-somnii","34":"tag-toca-portugal","35":"tag-top-25"},"share_on_mastodon":{"url":"https:\/\/pubeurope.com\/@pt\/115579182305980579","error":""},"_links":{"self":[{"href":"https:\/\/www.europesays.com\/pt\/wp-json\/wp\/v2\/posts\/158287","targetHints":{"allow":["GET"]}}],"collection":[{"href":"https:\/\/www.europesays.com\/pt\/wp-json\/wp\/v2\/posts"}],"about":[{"href":"https:\/\/www.europesays.com\/pt\/wp-json\/wp\/v2\/types\/post"}],"author":[{"embeddable":true,"href":"https:\/\/www.europesays.com\/pt\/wp-json\/wp\/v2\/users\/2"}],"replies":[{"embeddable":true,"href":"https:\/\/www.europesays.com\/pt\/wp-json\/wp\/v2\/comments?post=158287"}],"version-history":[{"count":0,"href":"https:\/\/www.europesays.com\/pt\/wp-json\/wp\/v2\/posts\/158287\/revisions"}],"wp:featuredmedia":[{"embeddable":true,"href":"https:\/\/www.europesays.com\/pt\/wp-json\/wp\/v2\/media\/158288"}],"wp:attachment":[{"href":"https:\/\/www.europesays.com\/pt\/wp-json\/wp\/v2\/media?parent=158287"}],"wp:term":[{"taxonomy":"category","embeddable":true,"href":"https:\/\/www.europesays.com\/pt\/wp-json\/wp\/v2\/categories?post=158287"},{"taxonomy":"post_tag","embeddable":true,"href":"https:\/\/www.europesays.com\/pt\/wp-json\/wp\/v2\/tags?post=158287"}],"curies":[{"name":"wp","href":"https:\/\/api.w.org\/{rel}","templated":true}]}}