{"id":158292,"date":"2025-11-20T00:29:20","date_gmt":"2025-11-20T00:29:20","guid":{"rendered":"https:\/\/www.europesays.com\/pt\/158292\/"},"modified":"2025-11-20T00:29:20","modified_gmt":"2025-11-20T00:29:20","slug":"portugal-cai-para-sexto-no-ranking-da-fifa","status":"publish","type":"post","link":"https:\/\/www.europesays.com\/pt\/158292\/","title":{"rendered":"Portugal cai para sexto no ranking da FIFA"},"content":{"rendered":"<p>                Os \u00faltimos jogos da sele\u00e7\u00e3o, com a derrota fora diante da Irlanda (2-0) e a vit\u00f3ria em casa com a Arm\u00e9nia (9-1), deixaram Portugal com uma perda de 17,62 pontos, em contraponto com o Brasil, que subiu \u00e0 quinta posi\u00e7\u00e3o.<\/p>\n<p>Portugal, que se apurou para o Mundial2026 e entrar\u00e1 no sorteio no pote 1, no qual figuram as equipas mais bem classificadas, conta agora com 1.760,38 pontos, ligeiramente atr\u00e1s do Brasil, com 1.760,46.<\/p>\n<p>No top-10 do ranking da FIFA destaca-se igualmente a descida dos Pa\u00edses Baixos, de sextos para s\u00e9timos, e as subidas de Alemanha, de 10.\u00aa para nona classificada, e da Cro\u00e1cia, de 11.\u00aa para 10.\u00aa.<\/p>\n<p>A Espanha lidera a classifica\u00e7\u00e3o do futebol mundial, com 1.877,18 pontos, seguida de perto pela Argentina, 1.873,33, e pela Fran\u00e7a, com 1.870, enquanto a Inglaterra ocupa a quarta posi\u00e7\u00e3o, com 1.834,12 pontos.<\/p>\n<p>Dos Pa\u00edses Africanos de L\u00edngua Oficial Portuguesa (PALOP), Cabo Verde, que garantiu o primeiro Mundial da sua hist\u00f3ria, continua o mais bem classificado, agora com uma subida de tr\u00eas lugares (68.\u00ba).<\/p>\n<p>Entre os treinadores portugu\u00eas, Om\u00e3, de Carlos Queiroz, ocupa o 79.\u00ba posto, a Guin\u00e9, de Paulo Duarte \u00e9 81.\u00aa, o Kuwait, de H\u00e9lio Sousa, \u00e9 135.\u00ba e Timor-Leste, de Z\u00e9 Pedro, est\u00e1 na 198.\u00aa posi\u00e7\u00e3o.<\/p>\n<p>A pr\u00f3xima atualiza\u00e7\u00e3o do ranking FIFA est\u00e1 agendada para 23 de dezembro.<\/p>\n<p>Ranking da FIFA (19 de novembro):<\/p>\n<p>1. (1) Espanha, 1.877,18 pontos.<\/p>\n<p>2. (2) Argentina, 1.873,33.<\/p>\n<p>3. (3) Fran\u00e7a, 1.870.<\/p>\n<p>4. (4) Inglaterra, 1.834,12.<\/p>\n<p>5. (7) Brasil, 1.760,46.<\/p>\n<p>6. (5) PORTUGAL, 1.760,38.<\/p>\n<p>7. (6) Pa\u00edses Baixos, 1.756,27.<\/p>\n<p>8. (8) B\u00e9lgica, 1.730,71.<\/p>\n<p>9. (10) Alemanha, 1.724,15.<\/p>\n<p>10. (11) Cro\u00e1cia, 1.716,88.<\/p>\n<p>(&#8230;)<\/p>\n<p>68. (71) Cabo Verde, 1.367,95.<\/p>\n<p>89. (89) Angola, 1.271,54.<\/p>\n<p>102. (101) Mo\u00e7ambique, 1.223,48.<\/p>\n<p>133. (132) Guin\u00e9-Bissau, 1108,09.<\/p>\n<p>190. (191) S\u00e3o Tom\u00e9 e Pr\u00edncipe, 871,63.<\/p>\n<p>193. (192) Macau, 865,29.<\/p>\n<p>198. (197) Timor-Leste, 835,55.&#13;\n            <\/p>\n","protected":false},"excerpt":{"rendered":"Os \u00faltimos jogos da sele\u00e7\u00e3o, com a derrota fora diante da Irlanda (2-0) e a vit\u00f3ria em casa&hellip;\n","protected":false},"author":2,"featured_media":158293,"comment_status":"","ping_status":"","sticky":false,"template":"","format":"standard","meta":{"footnotes":""},"categories":[8],"tags":[27,28,15,16,14,25,26,21,22,12,13,19,20,32,23,24,33,420,421,17,18,29,30,31],"class_list":{"0":"post-158292","1":"post","2":"type-post","3":"status-publish","4":"format-standard","5":"has-post-thumbnail","7":"category-principais-noticias","8":"tag-breaking-news","9":"tag-breakingnews","10":"tag-featured-news","11":"tag-featurednews","12":"tag-headlines","13":"tag-latest-news","14":"tag-latestnews","15":"tag-main-news","16":"tag-mainnews","17":"tag-news","18":"tag-noticias","19":"tag-noticias-principais","20":"tag-noticiasprincipais","21":"tag-portugal","22":"tag-principais-noticias","23":"tag-principaisnoticias","24":"tag-pt","25":"tag-rtp","26":"tag-rtp-noticias","27":"tag-top-stories","28":"tag-topstories","29":"tag-ultimas","30":"tag-ultimas-noticias","31":"tag-ultimasnoticias"},"share_on_mastodon":{"url":"https:\/\/pubeurope.com\/@pt\/115579202146647408","error":""},"_links":{"self":[{"href":"https:\/\/www.europesays.com\/pt\/wp-json\/wp\/v2\/posts\/158292","targetHints":{"allow":["GET"]}}],"collection":[{"href":"https:\/\/www.europesays.com\/pt\/wp-json\/wp\/v2\/posts"}],"about":[{"href":"https:\/\/www.europesays.com\/pt\/wp-json\/wp\/v2\/types\/post"}],"author":[{"embeddable":true,"href":"https:\/\/www.europesays.com\/pt\/wp-json\/wp\/v2\/users\/2"}],"replies":[{"embeddable":true,"href":"https:\/\/www.europesays.com\/pt\/wp-json\/wp\/v2\/comments?post=158292"}],"version-history":[{"count":0,"href":"https:\/\/www.europesays.com\/pt\/wp-json\/wp\/v2\/posts\/158292\/revisions"}],"wp:featuredmedia":[{"embeddable":true,"href":"https:\/\/www.europesays.com\/pt\/wp-json\/wp\/v2\/media\/158293"}],"wp:attachment":[{"href":"https:\/\/www.europesays.com\/pt\/wp-json\/wp\/v2\/media?parent=158292"}],"wp:term":[{"taxonomy":"category","embeddable":true,"href":"https:\/\/www.europesays.com\/pt\/wp-json\/wp\/v2\/categories?post=158292"},{"taxonomy":"post_tag","embeddable":true,"href":"https:\/\/www.europesays.com\/pt\/wp-json\/wp\/v2\/tags?post=158292"}],"curies":[{"name":"wp","href":"https:\/\/api.w.org\/{rel}","templated":true}]}}