{"id":158300,"date":"2025-11-20T00:34:24","date_gmt":"2025-11-20T00:34:24","guid":{"rendered":"https:\/\/www.europesays.com\/pt\/158300\/"},"modified":"2025-11-20T00:34:24","modified_gmt":"2025-11-20T00:34:24","slug":"cantora-caririense-talita-mel-e-indicada-ao-premio-multishow-com-a-musica-melzinho-site-miseria","status":"publish","type":"post","link":"https:\/\/www.europesays.com\/pt\/158300\/","title":{"rendered":"Cantora caririense Talita Mel \u00e9 indicada ao Pr\u00eamio Multishow com a m\u00fasica \u201cMelzinho\u201d &#8211; Site Mis\u00e9ria"},"content":{"rendered":"<ol>\n<li><a href=\"https:\/\/news.google.com\/rss\/articles\/CBMioAFBVV95cUxNaTNzOWZNd2puQ0VBbTd1d2FqMXQ4VGQ4TmVCODQxaEhHNVVuX3ZxNlBSQnBDd1FVWG81Y2xWVi0xRGZhLXQ5dElzTWhNNEpUdkE3T2FCb2pLdVlldm1KRVFnVjhPbnpSbU1mcHFxMFdnT2ZoRDI2cUVBNUItb3dzdFhuY28zd1lWZG9DbXlVQUQ2YUhzRVVlU2RWM0h6MS0y?oc=5\" target=\"_blank\" rel=\"nofollow noopener\">Cantora caririense Talita Mel \u00e9 indicada ao Pr\u00eamio Multishow com a m\u00fasica \u201cMelzinho\u201d<\/a>&nbsp;&nbsp;Site Mis\u00e9ria<\/li>\n<li><a href=\"https:\/\/news.google.com\/rss\/articles\/CBMi3wFBVV95cUxPQVMwYTh2dVFiN1gtOFFocE9kR2Z4cE1TVmZxQWNnc3ZaT0t6azRjYmlCbHRCOU5ldUxSYjNBU1ctQXZjYktmRHg1TWlWUHc3OFNEQ1lvc0wtRXBkWHFMSWFZX2RjZ3pSMmNDVFdjbDRXY21TcFgtMmM4OHhqc2NsSGdNYWlDY3BJNU5kckxIaDVSZEZHaGJCbGlMSUhuZmNqQVh3TVlSUjFac0FLcWkwVUFZSGxiVGN2RTd1NVE2dTBfRnkzLW8xcnRQZFpRVVpLS1pZYThXT292cjZYRzdn0gHuAUFVX3lxTE5pY1lMd0lLenRSbW1WRFpkTjVfQThSWFAzNGU4QjJzVjdMamVRQjlMa3ZfeXVFbXg3RFJkTTNDRGpCWUJWWVRhSXBkVjRUazkyUzlIaTdGa1BXX3lDWUtNTVNzV2RMdVRnRnRNZGw0VVVCUTVZUGdoaHhjbWVBTjFwcTI1TE1ZdWJ6eEZtTzlMZVp5QmkyTWhwNV9QQTRBVEZNcVNNQmxfTzdLVGlKSng4VG9qTW1qU2JYQXZRY01WYWw3ZWRaT2FRRThkdjB1MTZpWjNqODBfSFdERkJkYjI1N3pnTVRDYm5kaVF4UlE?oc=5\" target=\"_blank\" rel=\"nofollow noopener\">Pr\u00eamio Multishow 2025: veja categorias de voto popular e escolha os indicados<\/a>&nbsp;&nbsp;Gshow<\/li>\n<li><a href=\"https:\/\/news.google.com\/rss\/articles\/CBMi1AFBVV95cUxQY2p3VnozLUEwdE16SldkU1ozWGVoZzlJZ1d4eU4zWEhJc050Z1BrWmZ6Ukx0ZzdXTncwcENsaGQ4clI1VEprYzlEWGFXR1pCNTVOYWhsR1NtLWtiZnZ1akFRcFRza05vRDRZTFBlcWtEcVppRFEzaHVieVljX0VjRUE5RWpBRlNnc3NLcVh4MjhTZmtvb1hCXzRIUkxvSklkQkpSRDdCanNfY2R6VVRndWc2enNqblRHNVRhWU8wcFB6UW1BZjh5RlV2RnhRdnpYbHdLctIB2gFBVV95cUxOWm9kSnhCM0xnZmhEVnJjdGU4QUFtNDdnWXFfZ0l4ZnVjbEFnYzVVTEhsZnc1UEp3TEdzUFc5S1pfQmx3MURoSVZqMkJQZFFMOFR2dzZmUWRCYThjV05YNExJUjdJZ25nR0Zhc05zazVWOE4wSWdJcW1XOV9fbEtrTkZZejRnZ1JiNzlaT2NyclQ0bGdIdXVtZWRGLVlFa0ZhTkdKVFhteWZmdGIza0lNclVIRDBtcllvc1pMbGVrUUNnU1pubXBKa0dRQzE0d0dMdGZLVXRrTmJaQQ?oc=5\" target=\"_blank\" rel=\"nofollow noopener\">BenzaDeus e Menos \u00e9 Mais s\u00e3o indicados ao Pr\u00eamio Multishow 2025<\/a>&nbsp;&nbsp;Correio Braziliense<\/li>\n<li><a href=\"https:\/\/news.google.com\/rss\/articles\/CBMilAFBVV95cUxOR3FtYm1PU2R2bHBuRnJQWkc5QmFCZ0dHc0lwZTZFc24tSTQtN1dLeHEtZEdsTlM2THJPcml5YkJvbW9IenA2bUw0a0xSUTFUdjhsSWN6clBkdHNkbHhtdExuWENSWDJ4cHhYZVpUeTMyLU5FYmNKcDB3NVVObG5QaERRdDlIOHRyNTh2cGE1Nl9KTjJs0gGaAUFVX3lxTE1OZzdYQUtRN09iVmtNYVBCbmtqRThyRWJZQTMtNXpfMzJiN290NEpoY0d4UTI0MjRsajhTQVN2RDRweGplRmZVSXZmU2M2NTFYYjd4cVVIV0tZSHdGMHZDVUMxZFBiR0ZJdzJQWjJZM05mc2trbS1hRzduU2M2ZHA2SDNFUUU2TUZ2OWJXcXZjMVctSlpVMkZIcHc?oc=5\" target=\"_blank\" rel=\"nofollow noopener\">Pr\u00eamio Multishow 2025: Marvvila critica falta de mulheres na categoria de pagode<\/a>&nbsp;&nbsp;POPline<\/li>\n<li><a href=\"https:\/\/news.google.com\/rss\/articles\/CBMixAFBVV95cUxOVTBBeWtIRnRJcXBWVk1NNGQ1TDM1VVczZjdYMWhQNy1Ja3c1cG5pN21IOFB1SWRLNnVacUZMYndFckRzRlZxd0ZpYTZxRFhWLTMtNzJZVW5felI0RUZpZDB5VTJmQlUxMWxITktoTmxfWDVCLVFFZHdVRHcwZm4tVnhEX3phV0prdnhORk9CR1BYSTFEWWI0R3BHbjlVay10N2JEa04xVkhlLWhzcjVuYlQ3ZmNlQ0ZXeUVMNVd2b1VrUWN60gHKAUFVX3lxTFBreExEZ1doX0RiTkxEc3JmcVYtNUszN25BMlUwX2VKdUJkVlA3b3JGTjJOTDVvWU1uWkxuR2RCRXRIS1hUSFBLNWJ3aEdMd1NiSHBabmxOb3A5YW5NRWRzS1FwUGtEbjVMXy11TGFmM2J6aXhMelpSRG85a1VSTzZReFRFc3JrZTBtSnh1OVlWQ2lPUy1PUnc3c3VZVkI0cXJlQ1NsS0lBM2UtQk5DV1BKRHNRbjlWSnA3RnhqMnVXQXJNdWdMNHlvX1E?oc=5\" target=\"_blank\" rel=\"nofollow noopener\">Urias, Marina Sena, Jo\u00e3o Gomes e mais: Veja os indicados ao 32\u00ba Pr\u00eamio Multishow<\/a>&nbsp;&nbsp;UOL<\/li>\n<\/ol>\n","protected":false},"excerpt":{"rendered":"Cantora caririense Talita Mel \u00e9 indicada ao Pr\u00eamio Multishow com a m\u00fasica \u201cMelzinho\u201d&nbsp;&nbsp;Site Mis\u00e9ria Pr\u00eamio Multishow 2025: veja&hellip;\n","protected":false},"author":2,"featured_media":158301,"comment_status":"","ping_status":"","sticky":false,"template":"","format":"standard","meta":{"footnotes":""},"categories":[141],"tags":[18828,1246,4964,114,115,2089,598,1856,2692,25422,25421,149,150,1133,13,32,33,218,151,25423,578],"class_list":{"0":"post-158300","1":"post","2":"type-post","3":"status-publish","4":"format-standard","5":"has-post-thumbnail","7":"category-musica","8":"tag-cariri","9":"tag-ceara","10":"tag-diversao","11":"tag-entertainment","12":"tag-entretenimento","13":"tag-esporte","14":"tag-game","15":"tag-informacao","16":"tag-jogo","17":"tag-juazeiro-do-norte","18":"tag-miseria","19":"tag-music","20":"tag-musica","21":"tag-noticia","22":"tag-noticias","23":"tag-portugal","24":"tag-pt","25":"tag-televisao","26":"tag-tv","27":"tag-urgente","28":"tag-video"},"share_on_mastodon":{"url":"https:\/\/pubeurope.com\/@pt\/115579222023888010","error":""},"_links":{"self":[{"href":"https:\/\/www.europesays.com\/pt\/wp-json\/wp\/v2\/posts\/158300","targetHints":{"allow":["GET"]}}],"collection":[{"href":"https:\/\/www.europesays.com\/pt\/wp-json\/wp\/v2\/posts"}],"about":[{"href":"https:\/\/www.europesays.com\/pt\/wp-json\/wp\/v2\/types\/post"}],"author":[{"embeddable":true,"href":"https:\/\/www.europesays.com\/pt\/wp-json\/wp\/v2\/users\/2"}],"replies":[{"embeddable":true,"href":"https:\/\/www.europesays.com\/pt\/wp-json\/wp\/v2\/comments?post=158300"}],"version-history":[{"count":0,"href":"https:\/\/www.europesays.com\/pt\/wp-json\/wp\/v2\/posts\/158300\/revisions"}],"wp:featuredmedia":[{"embeddable":true,"href":"https:\/\/www.europesays.com\/pt\/wp-json\/wp\/v2\/media\/158301"}],"wp:attachment":[{"href":"https:\/\/www.europesays.com\/pt\/wp-json\/wp\/v2\/media?parent=158300"}],"wp:term":[{"taxonomy":"category","embeddable":true,"href":"https:\/\/www.europesays.com\/pt\/wp-json\/wp\/v2\/categories?post=158300"},{"taxonomy":"post_tag","embeddable":true,"href":"https:\/\/www.europesays.com\/pt\/wp-json\/wp\/v2\/tags?post=158300"}],"curies":[{"name":"wp","href":"https:\/\/api.w.org\/{rel}","templated":true}]}}