{"id":158302,"date":"2025-11-20T00:35:56","date_gmt":"2025-11-20T00:35:56","guid":{"rendered":"https:\/\/www.europesays.com\/pt\/158302\/"},"modified":"2025-11-20T00:35:56","modified_gmt":"2025-11-20T00:35:56","slug":"novo-filme-compilatorio-de-jujutsu-kaisen-recebe-classificacao-18-anos-no-brasil","status":"publish","type":"post","link":"https:\/\/www.europesays.com\/pt\/158302\/","title":{"rendered":"Novo filme compilat\u00f3rio de \u2018Jujutsu Kaisen\u2019 recebe classifica\u00e7\u00e3o 18 anos no Brasil"},"content":{"rendered":"<p>E aconteceu de novo! Pela 3\u00aa vez consecutiva, um filme de anim\u00ea distribu\u00eddo pela<strong> Sony<\/strong> chega aos cinemas com a classifica\u00e7\u00e3o indicativa para <strong>maiores de 18 anos<\/strong>. \u00c9 o caso agora de<strong> Jujutsu Kaisen: Execu\u00e7\u00e3o<\/strong>, pelo que informa o sistema do Minist\u00e9rio da Justi\u00e7a e Seguran\u00e7a P\u00fablica, respons\u00e1vel pela avalia\u00e7\u00e3o t\u00e9cnica dos filmes. Anteriormente, a situa\u00e7\u00e3o aconteceu com os filmes de <a href=\"https:\/\/www.jbox.com.br\/2025\/09\/03\/demon-slayer-castelo-infinito-classificacao-indicativa\/\" rel=\"nofollow noopener\" target=\"_blank\"><strong>Demon Slayer: Castelo Infinito<\/strong><\/a> e <a href=\"https:\/\/www.jbox.com.br\/2025\/10\/03\/chainsaw-man-filme-arco-da-reze-e-classificado-para-maiores-de-18-anos-no-brasil\/\" rel=\"nofollow noopener\" target=\"_blank\"><strong>Chainsaw Man: Arco da Reze<\/strong><\/a>.<\/p>\n<p>Com essa medida, o longa poder\u00e1 poder\u00e1 ser assistido livremente apenas por maiores de 18 anos nos cinemas. Maiores de 16 anos ainda poder\u00e3o entrar mediante documento de autoriza\u00e7\u00e3o dos respons\u00e1veis, ou acompanhado por um deles. Fica proibido o ingresso para menores de 16 anos em qualquer situa\u00e7\u00e3o.<\/p>\n<p>Essa \u00e9 a maior classifica\u00e7\u00e3o j\u00e1 recebida para um produto de Jujutsu Kaisen. O primeiro filme, a hist\u00f3ria prequela <strong>Jujutsu Kaisen 0<\/strong>, foi classificado para maiores de 14 anos, enquanto o filme compilat\u00f3rio<strong> Hidden Inventory \/ Premature Death<\/strong> subiu a r\u00e9gua para 16 anos \u2014 mesma classifica\u00e7\u00e3o da s\u00e9rie na plataforma <strong>Crunchyroll<\/strong>. Segundo a avalia\u00e7\u00e3o da Justi\u00e7a, o motivo para a classifica\u00e7\u00e3o de \u2018Execu\u00e7\u00e3o\u2019 como 18 anos se deve \u00e0 somat\u00f3ria de linguagem impr\u00f3pria, viol\u00eancia extrema e autoagress\u00e3o ou suic\u00eddio.<\/p>\n<p>A estreia nacional est\u00e1 marcada para o pr\u00f3ximo dia 20 de novembro, mas j\u00e1 h\u00e1 sess\u00f5es dispon\u00edveis para o dia 19.<\/p>\n<p>Jujutsu Kaisen: Execu\u00e7\u00e3o estreou nos cinemas japoneses em 7 de novembro, e \u00e9 um compilado do final da 2\u00aa temporada (arco do\u00a0Incidente em Shibuya) junto com a<strong>\u00a0estreia do in\u00edcio da 3\u00aa<\/strong>\u00a0(os dois primeiros epis\u00f3dios). <strong>Shota Goshozono<\/strong>, que assumiu a s\u00e9rie na 2\u00aa temporada, permanece creditado na sequ\u00eancia pelo est\u00fadio MAPPA, assim como o roteirista<strong>\u00a0Hiroshi Seko<\/strong>\u00a0(que est\u00e1 desde a 1\u00aa fase).<\/p>\n<p>Em agosto, foi exibido nos cinemas daqui o compilado anterior,\u00a0<a href=\"https:\/\/www.jbox.com.br\/2025\/08\/19\/jujutsu-kaisen-filme-compilatorio-estreia-com-exclusividade-no-cinemark-atraindo-mais-de-6-000-espectadores\/\" rel=\"nofollow noopener\" target=\"_blank\"><strong>Jujutsu Kaisen: Hidden Inventory\/Premature Death<\/strong><\/a>, que traz os eventos do come\u00e7o da 2\u00aa temporada (contando o passado de Satoru Gojo e Suguru Geto). A primeira vez que a s\u00e9rie chegou \u00e0s telonas foi em 2022, com<a href=\"https:\/\/www.jbox.com.br\/2022\/04\/27\/critica-jujutsu-kaisen-0-filme\/\" rel=\"nofollow noopener\" target=\"_blank\"><strong>\u00a0Jujutsu Kaisen 0<\/strong><\/a>, um prel\u00fadio da hist\u00f3ria, que levou mais de 260 mil brasileiros ao cinema.<\/p>\n<p>A 3\u00aa temporada de forma seriada estreia em<strong>\u00a0janeiro de 2026<\/strong>. Enquanto isso, a 1\u00aa temporada \u00e9 exibida por HBO Max, Netflix, Prime Video, Globoplay e na TV pelo Adult Swim, e a Crunchyroll \u00e9 a \u00fanica a exibir as duas temporadas.<\/p>\n<p>\u00a0<\/p>\n<p><strong>Anima\u00e7\u00e3o japonesa segue firme nos cinemas brasileiros<\/strong><\/p>\n<p>Os \u00faltimos lan\u00e7amentos de anim\u00eas em nossos cinemas e os que est\u00e3o programados para o ano que vem foram tema de um v\u00eddeo recente em nosso canal no YouTube, onde listamos todos os t\u00edtulos que j\u00e1 sabemos que chegar\u00e3o em breve por aqui.<\/p>\n<p>Confira:<\/p>\n<p><strong>Fonte:<\/strong>\u00a0<a href=\"https:\/\/classindportal.mj.gov.br\/consulta-filmes\" target=\"_blank\" rel=\"noopener nofollow\"><strong>Minist\u00e9rio da Justi\u00e7a<\/strong><\/a><\/p>\n<p>Siga e acompanhe as not\u00edcias do JBox tamb\u00e9m pelo<a href=\"https:\/\/news.google.com\/publications\/CAAqBwgKMNi2oQsw8MC5Aw?ceid=BR:pt-419&amp;oc=3\" rel=\"nofollow noopener\" target=\"_blank\"><strong>\u00a0Google News<\/strong><\/a>\u00a0e em nosso\u00a0<a href=\"https:\/\/l.jbox.com.br\/telegram\" rel=\"nofollow noopener\" target=\"_blank\"><strong>grupo no Telegram<\/strong><\/a>.<\/p>\n<p> <img loading=\"lazy\" width=\"227\" height=\"143\" src=\"data:image\/gif;base64,R0lGODlhAQABAIAAAP\/\/\/\/\/\/\/yH5BAEKAAEALAAAAAABAAEAAAICTAEAOw==\" class=\"attachment-thumbnail-sobre_a_serie size-thumbnail-sobre_a_serie wp-post-image\" alt=\"Imagem: Yuji e Sukuna em capa do fanbook.\" decoding=\"async\"  \/>Sobre Jujutsu Kaisen<\/p>\n<p>A obra de\u00a0<strong>Gege Akutami<\/strong> foi seriada na Shonen Jump,\u00a0da editora Shueisha, de 2018 a 2024, reunindo 30 volumes encadernados (al\u00e9m do\u00a0Volume 0). O mang\u00e1 tem publica\u00e7\u00e3o\u00a0<a href=\"https:\/\/www.jbox.com.br\/2019\/12\/06\/jujutsu-kaisen-manga-sera-lancado-pela-panini\/\" rel=\"nofollow noopener\" target=\"_blank\"><strong>pela Panini<\/strong><\/a>\u00a0no Brasil.<\/p>\n<p>A s\u00e9rie inspirou uma anima\u00e7\u00e3o produzida pelo est\u00fadio MAPPA em 2020, com uma 2\u00aa temporada em 2023. A<strong>\u00a0Crunchyroll<\/strong> exibiu as 2 temporadas no Brasil, com op\u00e7\u00f5es dublada e legendada, seguida pela <strong>Netflix<\/strong>.<\/p>\n<p>Na hist\u00f3ria, Yuji Itadori \u00e9 um estudante do colegial que vive com seu av\u00f4, em Sendai. Apesar do seu talento inato para o esporte, ele evita a equipe de atletismo e decide ingressar no Clube de Pesquisa Oculta, no qual pode relaxar, sair com seus amigos mais velhos e visitar regularmente seu av\u00f4 no hospital.<\/p>\n<p>Yuji logo descobre, entretanto, que o ocultismo \u00e9 t\u00e3o real quanto parece e, ap\u00f3s receber mensagens misteriosas do seu av\u00f4, no leito de morte, \u00e9 confrontado pelo feiticeiro Megumi Fushiguro, que o informa que h\u00e1 um talism\u00e3 amaldi\u00e7oado de alta qualidade em sua escola (com o qual Yuji fez contato recentemente).<\/p>\n","protected":false},"excerpt":{"rendered":"E aconteceu de novo! Pela 3\u00aa vez consecutiva, um filme de anim\u00ea distribu\u00eddo pela Sony chega aos cinemas&hellip;\n","protected":false},"author":2,"featured_media":113498,"comment_status":"","ping_status":"","sticky":false,"template":"","format":"standard","meta":{"footnotes":""},"categories":[140],"tags":[114,115,147,148,146,32,33],"class_list":{"0":"post-158302","1":"post","2":"type-post","3":"status-publish","4":"format-standard","5":"has-post-thumbnail","7":"category-filmes","8":"tag-entertainment","9":"tag-entretenimento","10":"tag-film","11":"tag-filmes","12":"tag-movies","13":"tag-portugal","14":"tag-pt"},"share_on_mastodon":{"url":"https:\/\/pubeurope.com\/@pt\/115579229481100404","error":""},"_links":{"self":[{"href":"https:\/\/www.europesays.com\/pt\/wp-json\/wp\/v2\/posts\/158302","targetHints":{"allow":["GET"]}}],"collection":[{"href":"https:\/\/www.europesays.com\/pt\/wp-json\/wp\/v2\/posts"}],"about":[{"href":"https:\/\/www.europesays.com\/pt\/wp-json\/wp\/v2\/types\/post"}],"author":[{"embeddable":true,"href":"https:\/\/www.europesays.com\/pt\/wp-json\/wp\/v2\/users\/2"}],"replies":[{"embeddable":true,"href":"https:\/\/www.europesays.com\/pt\/wp-json\/wp\/v2\/comments?post=158302"}],"version-history":[{"count":0,"href":"https:\/\/www.europesays.com\/pt\/wp-json\/wp\/v2\/posts\/158302\/revisions"}],"wp:featuredmedia":[{"embeddable":true,"href":"https:\/\/www.europesays.com\/pt\/wp-json\/wp\/v2\/media\/113498"}],"wp:attachment":[{"href":"https:\/\/www.europesays.com\/pt\/wp-json\/wp\/v2\/media?parent=158302"}],"wp:term":[{"taxonomy":"category","embeddable":true,"href":"https:\/\/www.europesays.com\/pt\/wp-json\/wp\/v2\/categories?post=158302"},{"taxonomy":"post_tag","embeddable":true,"href":"https:\/\/www.europesays.com\/pt\/wp-json\/wp\/v2\/tags?post=158302"}],"curies":[{"name":"wp","href":"https:\/\/api.w.org\/{rel}","templated":true}]}}