{"id":158312,"date":"2025-11-20T00:53:13","date_gmt":"2025-11-20T00:53:13","guid":{"rendered":"https:\/\/www.europesays.com\/pt\/158312\/"},"modified":"2025-11-20T00:53:13","modified_gmt":"2025-11-20T00:53:13","slug":"plantao-medico-deep-purple-6-membros-atuais-e-antigos-que-convivem-com-problemas-de-saude","status":"publish","type":"post","link":"https:\/\/www.europesays.com\/pt\/158312\/","title":{"rendered":"Plant\u00e3o M\u00e9dico Deep Purple: 6 membros atuais e antigos que convivem com problemas de sa\u00fade"},"content":{"rendered":"<p>O tempo e o desgaste natural s\u00e3o implac\u00e1veis com a sa\u00fade. Os membros atuais e antigos do <a href=\"https:\/\/whiplash.net\/bandas\/d\/deeppurple.html\" class=\"hotwords\" rel=\"nofollow noopener\" target=\"_blank\">Deep Purple<\/a> que o digam. Com a banda se aproximando das seis d\u00e9cadas de exist\u00eancia, seus integrantes apresentam uma s\u00e9rie de problemas de sa\u00fade. Destacamos os mais evidentes abaixo.<\/p>\n<p>Ritchie Blackmore: O guitarrista de 80 anos sofreu um infarto e passou por interven\u00e7\u00e3o cir\u00fargica, tendo seis stents colocados nas art\u00e9rias. Tamb\u00e9m lida com crises de gota, que impedem sua mobilidade, al\u00e9m de um problema de coluna que o acompanha por quase toda a carreira. Justamente por conta da quest\u00e3o card\u00edaca, precisou abrir m\u00e3o das inje\u00e7\u00f5es que administram as outras duas doen\u00e7as.<\/p>\n<p><a href=\"https:\/\/whiplash.net\/bandas\/d\/deeppurple.html\" class=\"linkBotao\" rel=\"nofollow noopener\" target=\"_blank\">Deep Purple &#8211; Mais Novidades<\/a><\/p>\n<p>CONTINUA DEPOIS DA PUBLICIDADE &#8211; CLI<\/p>\n<p>&#13;<br \/>\n&#13;<br \/>\n&#13;<br \/>\n&#13;<br \/>\n&#13;<br \/>\n&#13;<br \/>\n&#13;<br \/>\n&#13;<br \/>\n<a href=\"https:\/\/whiplash.net\/materias\/whiplash\/027002.html\" rel=\"nofollow noopener\" target=\"_blank\"><img decoding=\"async\" src=\"https:\/\/www.europesays.com\/pt\/wp-content\/uploads\/2025\/10\/1760413028_813_anunciar_diabo_336x280.gif\" loading=\"lazy\" width=\"336\" height=\"280\" class=\"widthConstrained\" style=\"background-color:#000000;display:block;\" alt=\"Anunciar bandas e shows de Rock e Heavy Metal\"\/><\/a>&#13;<\/p>\n<p><a target=\"_blank\" href=\"https:\/\/www.europesays.com\/pt\/wp-content\/uploads\/2025\/09\/deeppurple_classic_04082020.jpg\"><img loading=\"lazy\" decoding=\"async\" src=\"https:\/\/www.europesays.com\/pt\/wp-content\/uploads\/2025\/09\/deeppurple_classic_04082020.jpg\" class=\"widthConstrained\" width=\"700\" height=\"366\" alt=\"Foto: Divulga\u00e7\u00e3o\"\/><\/a>Foto: Divulga\u00e7\u00e3o<\/p>\n<p>Ian Gillan: Tamb\u00e9m com 80 anos, o vocalista anunciou ter apenas 30% da vis\u00e3o conservada, o que o faz considerar a possibilidade de encerrar a carreira em um futuro pr\u00f3ximo.<\/p>\n<p>CONTINUA DEPOIS DA PUBLICIDADE &#8211; GOO<\/p>\n<p>&#13;<br \/>\n&#13;<br \/>\n&#13;<br \/>\n&#13;<br \/>\n<a href=\"https:\/\/whiplash.net\/materias\/whiplash\/027002.html\" rel=\"nofollow noopener\" target=\"_blank\"><img decoding=\"async\" src=\"https:\/\/www.europesays.com\/pt\/wp-content\/uploads\/2025\/10\/1760413028_813_anunciar_diabo_336x280.gif\" loading=\"lazy\" width=\"336\" height=\"280\" alt=\"Anunciar no Whiplash.Net\"\/><\/a>&#13;<br \/>\n&#13;<br \/>\n&#13;<br \/>\n&#13;<br \/>\n&#13;<br \/>\n&#13;<br \/>\n<a href=\"https:\/\/whiplash.net\/materias\/whiplash\/027002.html\" rel=\"nofollow noopener\" target=\"_blank\"><img decoding=\"async\" src=\"https:\/\/www.europesays.com\/pt\/wp-content\/uploads\/2025\/10\/1760413028_813_anunciar_diabo_336x280.gif\" loading=\"lazy\" width=\"336\" height=\"280\" class=\"widthConstrained\" style=\"background-color:#000000;display:block;\" alt=\"Anunciar bandas e shows de Rock e Heavy Metal\"\/><\/a>&#13;<\/p>\n<p>David Coverdale: Aos 74 anos, o substituto de Gillan meio s\u00e9culo atr\u00e1s confirmou sua aposentadoria, ap\u00f3s ter encerrado de forma abrupta a turn\u00ea de despedida do <a href=\"https:\/\/whiplash.net\/bandas\/w\/whitesnake.html\" class=\"hotwords\" rel=\"nofollow noopener\" target=\"_blank\">Whitesnake<\/a>, em 2022. O frontman n\u00e3o conseguiu retomar a carreira devido a problemas respirat\u00f3rios.<\/p>\n<p>Glenn Hughes: Recentemente, o baixista e vocalista de 74 anos passou mal durante a recente turn\u00ea brasileira. Ele n\u00e3o conseguiu finalizar o show em Belo Horizonte por conta de uma severa desidrata\u00e7\u00e3o, agravada pelo calor. Tamb\u00e9m passou por cirurgias de substitui\u00e7\u00f5es nos dois joelhos em 2016.<\/p>\n<p>CONTINUA DEPOIS DA PUBLICIDADE &#8211; CLI<\/p>\n<p>&#13;<br \/>\n&#13;<br \/>\n&#13;<br \/>\n&#13;<br \/>\n&#13;<br \/>\n&#13;<br \/>\n&#13;<br \/>\n&#13;<br \/>\n<a href=\"https:\/\/whiplash.net\/materias\/whiplash\/027002.html\" rel=\"nofollow noopener\" target=\"_blank\"><img decoding=\"async\" src=\"https:\/\/www.europesays.com\/pt\/wp-content\/uploads\/2025\/10\/1760413028_813_anunciar_diabo_336x280.gif\" loading=\"lazy\" width=\"336\" height=\"280\" class=\"widthConstrained\" style=\"background-color:#000000;display:block;\" alt=\"Anunciar bandas e shows de Rock e Heavy Metal\"\/><\/a>&#13;<\/p>\n<p>Ian Paice: Atualmente com 77 anos, o baterista sofreu um AVC durante turn\u00ea da banda pela Europa em 2016. O instrumentista se recuperou a ponto de conseguir voltar a tocar, mas lida at\u00e9 hoje com algumas sequelas.<\/p>\n<p>Steve Morse: Aos 71 anos, o &#8220;ca\u00e7ula&#8221; da turma com uma artrite severa no pulso da m\u00e3o direita, que afetou sua forma de tocar. A doen\u00e7a \u00e9 progressiva e, em alguns anos, deve acabar decretando o fim da carreira do m\u00fasico \u2013 algo que o pr\u00f3prio j\u00e1 declarou estar ciente de que acontecer\u00e1.<\/p>\n<p>CONTINUA DEPOIS DA PUBLICIDADE &#8211; GOO<\/p>\n<p>&#13;<br \/>\n&#13;<br \/>\n&#13;<br \/>\n&#13;<br \/>\n<a href=\"https:\/\/whiplash.net\/materias\/whiplash\/027002.html\" rel=\"nofollow noopener\" target=\"_blank\"><img decoding=\"async\" src=\"https:\/\/www.europesays.com\/pt\/wp-content\/uploads\/2025\/10\/1760413028_813_anunciar_diabo_336x280.gif\" loading=\"lazy\" width=\"336\" height=\"280\" alt=\"Anunciar no Whiplash.Net\"\/><\/a>&#13;<br \/>\n&#13;<br \/>\n&#13;<br \/>\n&#13;<br \/>\n&#13;<br \/>\n&#13;<br \/>\n<a href=\"https:\/\/whiplash.net\/materias\/whiplash\/027002.html\" rel=\"nofollow noopener\" target=\"_blank\"><img decoding=\"async\" src=\"https:\/\/www.europesays.com\/pt\/wp-content\/uploads\/2025\/10\/1760413028_813_anunciar_diabo_336x280.gif\" loading=\"lazy\" width=\"336\" height=\"280\" class=\"widthConstrained\" style=\"background-color:#000000;display:block;\" alt=\"Anunciar bandas e shows de Rock e Heavy Metal\"\/><\/a>&#13;<\/p>\n<p>Apesar dos percal\u00e7os, o <a href=\"https:\/\/whiplash.net\/bandas\/d\/deeppurple.html\" class=\"hotwords\" rel=\"nofollow noopener\" target=\"_blank\">Deep Purple<\/a> segue com <a href=\"https:\/\/whiplash.net\/temas\/a\/agenda.html\" class=\"hotwords\" rel=\"nofollow noopener\" target=\"_blank\">agenda<\/a> cheia. O grupo tem shows agendados na \u00c1sia entre o final deste ano e in\u00edcio do pr\u00f3ximo. Na metade de 2026, far\u00e1 uma turn\u00ea completa pela Europa, mesclando datas individuais com participa\u00e7\u00f5es nos festivais de ver\u00e3o. Um novo \u00e1lbum de est\u00fadio tamb\u00e9m est\u00e1 nos planos.<\/p>\n","protected":false},"excerpt":{"rendered":"O tempo e o desgaste natural s\u00e3o implac\u00e1veis com a sa\u00fade. Os membros atuais e antigos do Deep&hellip;\n","protected":false},"author":2,"featured_media":93100,"comment_status":"","ping_status":"","sticky":false,"template":"","format":"standard","meta":{"footnotes":""},"categories":[141],"tags":[114,115,149,150,32,33],"class_list":{"0":"post-158312","1":"post","2":"type-post","3":"status-publish","4":"format-standard","5":"has-post-thumbnail","7":"category-musica","8":"tag-entertainment","9":"tag-entretenimento","10":"tag-music","11":"tag-musica","12":"tag-portugal","13":"tag-pt"},"share_on_mastodon":{"url":"https:\/\/pubeurope.com\/@pt\/115579296802286110","error":""},"_links":{"self":[{"href":"https:\/\/www.europesays.com\/pt\/wp-json\/wp\/v2\/posts\/158312","targetHints":{"allow":["GET"]}}],"collection":[{"href":"https:\/\/www.europesays.com\/pt\/wp-json\/wp\/v2\/posts"}],"about":[{"href":"https:\/\/www.europesays.com\/pt\/wp-json\/wp\/v2\/types\/post"}],"author":[{"embeddable":true,"href":"https:\/\/www.europesays.com\/pt\/wp-json\/wp\/v2\/users\/2"}],"replies":[{"embeddable":true,"href":"https:\/\/www.europesays.com\/pt\/wp-json\/wp\/v2\/comments?post=158312"}],"version-history":[{"count":0,"href":"https:\/\/www.europesays.com\/pt\/wp-json\/wp\/v2\/posts\/158312\/revisions"}],"wp:featuredmedia":[{"embeddable":true,"href":"https:\/\/www.europesays.com\/pt\/wp-json\/wp\/v2\/media\/93100"}],"wp:attachment":[{"href":"https:\/\/www.europesays.com\/pt\/wp-json\/wp\/v2\/media?parent=158312"}],"wp:term":[{"taxonomy":"category","embeddable":true,"href":"https:\/\/www.europesays.com\/pt\/wp-json\/wp\/v2\/categories?post=158312"},{"taxonomy":"post_tag","embeddable":true,"href":"https:\/\/www.europesays.com\/pt\/wp-json\/wp\/v2\/tags?post=158312"}],"curies":[{"name":"wp","href":"https:\/\/api.w.org\/{rel}","templated":true}]}}