{"id":158321,"date":"2025-11-20T01:01:11","date_gmt":"2025-11-20T01:01:11","guid":{"rendered":"https:\/\/www.europesays.com\/pt\/158321\/"},"modified":"2025-11-20T01:01:11","modified_gmt":"2025-11-20T01:01:11","slug":"cop31-vai-ser-na-turquia-mas-australia-lidera-negociacoes","status":"publish","type":"post","link":"https:\/\/www.europesays.com\/pt\/158321\/","title":{"rendered":"COP31 vai ser na Turquia, mas Austr\u00e1lia lidera negocia\u00e7\u00f5es"},"content":{"rendered":"<p>H\u00e1 um acordo de princ\u00edpio entre os dois pa\u00edses que disputavam a Cimeira do Clima do pr\u00f3ximo ano.<\/p>\n<p>A decis\u00e3o foi tomada depois de horas de impasse, em que, perante a falta de consenso na cimeira em Bel\u00e9m, no Brasil, se chegou a admitir a hip\u00f3tese de a Alemanha assumir a organiza\u00e7\u00e3o da COP.<\/p>\n<p>Mas acordo foi alcan\u00e7ado ao final da tarde desta quarta-feira e dita assim que a Turquia assume a logistica do evento.<\/p>\n<p>A Australia, para al\u00e9m das negocia\u00e7\u00f5es, fica ainda responsavel por organizar um pr\u00e9-cop no pacificio.<br \/>&#13;<\/p>\n","protected":false},"excerpt":{"rendered":"H\u00e1 um acordo de princ\u00edpio entre os dois pa\u00edses que disputavam a Cimeira do Clima do pr\u00f3ximo ano.&hellip;\n","protected":false},"author":2,"featured_media":158322,"comment_status":"","ping_status":"","sticky":false,"template":"","format":"standard","meta":{"footnotes":""},"categories":[10],"tags":[27,28,6391,33841,15,16,14,25,26,21,22,12,13,19,20,32,23,24,33,17,18,29,30,31],"class_list":{"0":"post-158321","1":"post","2":"type-post","3":"status-publish","4":"format-standard","5":"has-post-thumbnail","7":"category-portugal","8":"tag-breaking-news","9":"tag-breakingnews","10":"tag-cop30","11":"tag-cop31","12":"tag-featured-news","13":"tag-featurednews","14":"tag-headlines","15":"tag-latest-news","16":"tag-latestnews","17":"tag-main-news","18":"tag-mainnews","19":"tag-news","20":"tag-noticias","21":"tag-noticias-principais","22":"tag-noticiasprincipais","23":"tag-portugal","24":"tag-principais-noticias","25":"tag-principaisnoticias","26":"tag-pt","27":"tag-top-stories","28":"tag-topstories","29":"tag-ultimas","30":"tag-ultimas-noticias","31":"tag-ultimasnoticias"},"share_on_mastodon":{"url":"https:\/\/pubeurope.com\/@pt\/115579327820519595","error":""},"_links":{"self":[{"href":"https:\/\/www.europesays.com\/pt\/wp-json\/wp\/v2\/posts\/158321","targetHints":{"allow":["GET"]}}],"collection":[{"href":"https:\/\/www.europesays.com\/pt\/wp-json\/wp\/v2\/posts"}],"about":[{"href":"https:\/\/www.europesays.com\/pt\/wp-json\/wp\/v2\/types\/post"}],"author":[{"embeddable":true,"href":"https:\/\/www.europesays.com\/pt\/wp-json\/wp\/v2\/users\/2"}],"replies":[{"embeddable":true,"href":"https:\/\/www.europesays.com\/pt\/wp-json\/wp\/v2\/comments?post=158321"}],"version-history":[{"count":0,"href":"https:\/\/www.europesays.com\/pt\/wp-json\/wp\/v2\/posts\/158321\/revisions"}],"wp:featuredmedia":[{"embeddable":true,"href":"https:\/\/www.europesays.com\/pt\/wp-json\/wp\/v2\/media\/158322"}],"wp:attachment":[{"href":"https:\/\/www.europesays.com\/pt\/wp-json\/wp\/v2\/media?parent=158321"}],"wp:term":[{"taxonomy":"category","embeddable":true,"href":"https:\/\/www.europesays.com\/pt\/wp-json\/wp\/v2\/categories?post=158321"},{"taxonomy":"post_tag","embeddable":true,"href":"https:\/\/www.europesays.com\/pt\/wp-json\/wp\/v2\/tags?post=158321"}],"curies":[{"name":"wp","href":"https:\/\/api.w.org\/{rel}","templated":true}]}}