{"id":158327,"date":"2025-11-20T01:07:14","date_gmt":"2025-11-20T01:07:14","guid":{"rendered":"https:\/\/www.europesays.com\/pt\/158327\/"},"modified":"2025-11-20T01:07:14","modified_gmt":"2025-11-20T01:07:14","slug":"feriado-prolongado-tera-frente-fria-e-temporais-veja-a-previsao-do-tempo","status":"publish","type":"post","link":"https:\/\/www.europesays.com\/pt\/158327\/","title":{"rendered":"Feriado prolongado ter\u00e1 frente fria e temporais; veja a previs\u00e3o do tempo"},"content":{"rendered":"<p>A quinta (20), Dia da Consci\u00eancia Negra, e a sexta-feira (21) ser\u00e3o marcadas por mudan\u00e7as importantes no tempo em v\u00e1rias regi\u00f5es do pa\u00eds, com avan\u00e7o de frentes frias, aumento das instabilidades e risco de temporais no Norte e Nordeste. J\u00e1 o Centro-Sul ter\u00e1 per\u00edodos de sol e calor, mas com chuva localizada em alguns estados.<\/p>\n<p>Sul<\/p>\n<p>Quinta-feira (21):<br \/>O tempo segue firme em praticamente toda a regi\u00e3o. O sol predomina e as temperaturas ficam elevadas, especialmente no interior. No litoral de Santa Catarina e do Paran\u00e1, o calor diminui \u00e0 tarde e a varia\u00e7\u00e3o de nuvens \u00e9 maior.<\/p>\n<p>Sexta-feira (22):<br \/>Uma nova frente fria avan\u00e7a pelo sul do Rio Grande do Sul ainda pela manh\u00e3, provocando pancadas de chuva fracas a moderadas \u2014 e localmente fortes \u2014 acompanhadas de trovoadas na metade sul ga\u00facha. Nas demais \u00e1reas do Sul, o dia ser\u00e1 ensolarado e quente.<\/p>\n<p>Sudeste<\/p>\n<p>Quinta-feira (21):<br \/>A frente fria continua influenciando o extremo norte de Minas e o Esp\u00edrito Santo, onde h\u00e1 previs\u00e3o de pancadas moderadas, que perdem intensidade ao longo do dia no ES. No restante da regi\u00e3o, o tempo fica firme e ensolarado, com nuvens passageiras no RJ, no ES e no leste mineiro.<\/p>\n<p>Sexta-feira (22):<br \/>Ainda pode chover de forma fraca e isolada em \u00e1reas do Esp\u00edrito Santo. No norte e noroeste de Minas, h\u00e1 risco de pancadas de chuva moderadas com trovoadas. Em S\u00e3o Paulo, Rio de Janeiro e demais \u00e1reas de Minas, o tempo segue firme. As temperaturas se elevam em toda a regi\u00e3o.<\/p>\n<p>Centro-Oeste<\/p>\n<p>Quinta-feira (21):<br \/>Instabilidades continuam no norte de Goi\u00e1s, norte e oeste de Mato Grosso, com pancadas fracas a moderadas e risco de chuva forte em pontos isolados. Nas demais \u00e1reas, o tempo permanece seco e quente. A umidade do ar segue baixa no noroeste de MS, no sudeste de MT e no sul de Goi\u00e1s.<\/p>\n<p>Sexta-feira (22):<br \/>As pancadas seguem no nordeste de Mato Grosso e em Goi\u00e1s, ocorrendo de forma isolada durante a manh\u00e3 e ganhando for\u00e7a \u00e0 tarde no norte e oeste mato-grossense e norte goiano. Em Mato Grosso do Sul, o tempo \u00e9 firme at\u00e9 o meio da tarde, quando uma baixa press\u00e3o vinda do Paraguai traz novas instabilidades para o oeste e o sudeste do estado. O calor continua predominando.<\/p>\n<p>Nordeste<\/p>\n<p>Quinta-feira (21):<br \/>A frente fria mant\u00e9m a chuva em grande parte da Bahia, com intensidade moderada a forte e risco de temporais. Meio-sul do Piau\u00ed, Maranh\u00e3o e oeste de Pernambuco tamb\u00e9m t\u00eam pancadas. Sergipe e outras \u00e1reas do NE registram chuva isolada.<\/p>\n<p>Sexta-feira (22):<br \/>A instabilidade segue forte na Bahia, com temporais em pontos isolados. No sul do Maranh\u00e3o e do Piau\u00ed, as pancadas continuam. Entre Alagoas e Para\u00edba, pode chover fraco. As temperaturas permanecem elevadas e o calor predomina no interior da regi\u00e3o.<\/p>\n<p>Norte<\/p>\n<p>Quinta-feira (21):<br \/>Instabilidades ganham for\u00e7a no Par\u00e1 e no Tocantins, com pancadas moderadas a fortes e risco de temporais. Amazonas, Acre, Rond\u00f4nia e Roraima t\u00eam chuva fraca a moderada, com possibilidade de pancadas intensas em pontos isolados. No Amap\u00e1, a chuva \u00e9 fraca e isolada.<\/p>\n<p>Sexta-feira (22):<br \/>A chuva perde intensidade no Amazonas, mas ainda ocorre de forma fraca a moderada. Acre e Rond\u00f4nia mant\u00eam instabilidades. No Par\u00e1 e no Tocantins, as pancadas seguem fortes. Em Roraima, a chuva diminui. No Amap\u00e1, o tempo volta a ficar mais firme.<\/p>\n<p>Voc\u00ea quer entender como usar o clima a seu favor?<b> <\/b><a href=\"https:\/\/climacampo.canalrural.com.br\/climacampo_-01\" rel=\"nofollow noopener\" target=\"_blank\">Preparamos um e-book exclusivo<\/a> para ajudar produtores rurais a se antecipar \u00e0s mudan\u00e7as do tempo e planejar melhor suas a\u00e7\u00f5es. Com base em previs\u00f5es meteorol\u00f3gicas confi\u00e1veis, ele oferece orienta\u00e7\u00f5es pr\u00e1ticas para proteger sua lavoura e otimizar seus resultados.<\/p>\n","protected":false},"excerpt":{"rendered":"A quinta (20), Dia da Consci\u00eancia Negra, e a sexta-feira (21) ser\u00e3o marcadas por mudan\u00e7as importantes no tempo&hellip;\n","protected":false},"author":2,"featured_media":158328,"comment_status":"","ping_status":"","sticky":false,"template":"","format":"standard","meta":{"footnotes":""},"categories":[141],"tags":[114,115,149,150,32,33],"class_list":{"0":"post-158327","1":"post","2":"type-post","3":"status-publish","4":"format-standard","5":"has-post-thumbnail","7":"category-musica","8":"tag-entertainment","9":"tag-entretenimento","10":"tag-music","11":"tag-musica","12":"tag-portugal","13":"tag-pt"},"share_on_mastodon":{"url":"https:\/\/pubeurope.com\/@pt\/115579351365425754","error":""},"_links":{"self":[{"href":"https:\/\/www.europesays.com\/pt\/wp-json\/wp\/v2\/posts\/158327","targetHints":{"allow":["GET"]}}],"collection":[{"href":"https:\/\/www.europesays.com\/pt\/wp-json\/wp\/v2\/posts"}],"about":[{"href":"https:\/\/www.europesays.com\/pt\/wp-json\/wp\/v2\/types\/post"}],"author":[{"embeddable":true,"href":"https:\/\/www.europesays.com\/pt\/wp-json\/wp\/v2\/users\/2"}],"replies":[{"embeddable":true,"href":"https:\/\/www.europesays.com\/pt\/wp-json\/wp\/v2\/comments?post=158327"}],"version-history":[{"count":0,"href":"https:\/\/www.europesays.com\/pt\/wp-json\/wp\/v2\/posts\/158327\/revisions"}],"wp:featuredmedia":[{"embeddable":true,"href":"https:\/\/www.europesays.com\/pt\/wp-json\/wp\/v2\/media\/158328"}],"wp:attachment":[{"href":"https:\/\/www.europesays.com\/pt\/wp-json\/wp\/v2\/media?parent=158327"}],"wp:term":[{"taxonomy":"category","embeddable":true,"href":"https:\/\/www.europesays.com\/pt\/wp-json\/wp\/v2\/categories?post=158327"},{"taxonomy":"post_tag","embeddable":true,"href":"https:\/\/www.europesays.com\/pt\/wp-json\/wp\/v2\/tags?post=158327"}],"curies":[{"name":"wp","href":"https:\/\/api.w.org\/{rel}","templated":true}]}}