{"id":158329,"date":"2025-11-20T01:09:11","date_gmt":"2025-11-20T01:09:11","guid":{"rendered":"https:\/\/www.europesays.com\/pt\/158329\/"},"modified":"2025-11-20T01:09:11","modified_gmt":"2025-11-20T01:09:11","slug":"sporting-benfica-e-fc-porto-com-via-aberta-na-quarta-ronda-da-taca-de-portugal","status":"publish","type":"post","link":"https:\/\/www.europesays.com\/pt\/158329\/","title":{"rendered":"Sporting, Benfica e FC Porto com via aberta na quarta ronda da Ta\u00e7a de Portugal"},"content":{"rendered":"<p>                Os \u2018encarnados\u2019, recordistas de t\u00edtulos na competi\u00e7\u00e3o, com 26 cetros, defrontam na sexta-feira o Atl\u00e9tico, que alinha na Liga 3, no Est\u00e1dio do Restelo, enquanto o FC Porto, vencedor de tr\u00eas das quatro \u00faltimas edi\u00e7\u00f5es da prova, recebe no s\u00e1bado o Sintrense, do Campeonato de Portugal, tal como o Marinhense.<\/p>\n<p>O Sporting, segundo classificado da I Liga, a tr\u00eas pontos do l\u00edder FC Porto, disputa apenas o segundo jogo na Ta\u00e7a de Portugal de 2025\/26, mas a defesa do trof\u00e9u conquistado na \u00e9poca passada poderia ter-se ficado logo pela estreia, em Pa\u00e7os de Ferreira, perante uma equipa da II Liga.<\/p>\n<p>A forma\u00e7\u00e3o treinada por Rui Borges esteve por duas vezes a perder no encontro da terceira eliminat\u00f3ria e s\u00f3 conseguiu assegurar a qualifica\u00e7\u00e3o no prolongamento, gra\u00e7as a um autogolo de um jogador dos anfitri\u00f5es, ainda que o Marinhense, antepen\u00faltimo classificado da S\u00e9rie C da quarta divis\u00e3o, deve apresentar menos dificuldade aos \u2018le\u00f5es\u2019.<\/p>\n<p>O Marinhense chega a este jogo envolto em pol\u00e9mica, uma vez que suspendeu na segunda-feira de forma preventiva o treinador da equipa principal, Rui Sacramento, enquanto decorre um processo disciplinar, acusado de alegado abuso psicol\u00f3gico aos futebolistas.<\/p>\n<p>Apesar de a hist\u00f3ria n\u00e3o ter grande peso nas circunst\u00e2ncias atuais, revela que o Marinhense ganhou por 2-1 o \u00faltimo confronto entre ambos, em 1964, em pleno est\u00e1dio Jos\u00e9 Alvalade, sem que isso n\u00e3o lhe tenha permitido impor-se na \u00fanica eliminat\u00f3ria entre os dois clubes na Ta\u00e7a de Portugal, uma vez que os \u2018le\u00f5es\u2019 golearam na primeira m\u00e3o, por 4-0.<\/p>\n<p>Terceiro colocado na I Liga, a seis pontos de dist\u00e2ncia do FC Porto, o Benfica d\u00e1 o pontap\u00e9 de sa\u00edda na quarta eliminat\u00f3ria frente ao Atl\u00e9tico, s\u00e9timo posicionado na S\u00e9rie B da Liga 3, que as \u2018\u00e1guias\u2019 venceram em sete dos oito confrontos anteriores na competi\u00e7\u00e3o, a \u00faltima em 1982.<\/p>\n<p>Mais do que o valor do advers\u00e1rio, Jos\u00e9 Mourinho lamentou a longa desloca\u00e7\u00e3o na ronda anterior, em que venceu por 2-0 no recinto do Desportivo de Chaves, e o sorteio n\u00e3o lhe poderia ter sido mais favor\u00e1vel, proporcionando ao treinador do Benfica uma curta desloca\u00e7\u00e3o at\u00e9 ao Est\u00e1dio do Restelo, casa emprestada do Atl\u00e9tico.<\/p>\n<p>Da pausa para os jogos de qualifica\u00e7\u00e3o para o Mundial2026, que proporcionaram a Portugal o apuramento para a fase final do torneio, valeram ao t\u00e9cnico benfiquista mais duas baixas de vulto, o m\u00e9dio ucraniano Sudakov e o avan\u00e7ado grego Pavlidis, melhor marcador dos \u2018encarnados\u2019 e da I Liga.<\/p>\n<p>O FC Porto, em estado de gra\u00e7a sob o comando t\u00e9cnico do italiano Francesco Farioli, joga em casa com o Sintrense, modesto nono colocado na S\u00e9rie D do Campeonato de Portugal, mas que j\u00e1 deixou pelo caminho o Vizela (2-1), da II Liga, e o Rio Ave (3-2), do escal\u00e3o principal.<\/p>\n<p>O segundo clube mais titulado na prova, com 20 trof\u00e9us, passeou a superioridade na eliminat\u00f3ria anterior, na qual goleou o Celoricense, por 4-0, encontra o Sintrense pelo segundo ano seguido, na terceira vez em que as duas equipas se defrontam em cinco temporadas, com os \u2018drag\u00f5es\u2019 a imporem-se sem dificuldade nas duas anteriores (3-0 e 5-0).<\/p>\n<p>Sporting de Braga e Vit\u00f3ria de Guimar\u00e3es, que j\u00e1 ergueram a Ta\u00e7a de Portugal tr\u00eas vezes cada e esperariam estar mais bem classificados na I Liga, na qual ocupam o s\u00e9timo e oitavo lugar, enfrentam tarefas desiguais, ao receberem, respetivamente, o primodivision\u00e1rio Nacional e o Mort\u00e1gua, do Campeonato de Portugal.<br \/>&#13;\n            <\/p>\n","protected":false},"excerpt":{"rendered":"Os \u2018encarnados\u2019, recordistas de t\u00edtulos na competi\u00e7\u00e3o, com 26 cetros, defrontam na sexta-feira o Atl\u00e9tico, que alinha na&hellip;\n","protected":false},"author":2,"featured_media":158330,"comment_status":"","ping_status":"","sticky":false,"template":"","format":"standard","meta":{"footnotes":""},"categories":[87],"tags":[135,13,32,33,420,421,134],"class_list":{"0":"post-158329","1":"post","2":"type-post","3":"status-publish","4":"format-standard","5":"has-post-thumbnail","7":"category-desporto","8":"tag-desporto","9":"tag-noticias","10":"tag-portugal","11":"tag-pt","12":"tag-rtp","13":"tag-rtp-noticias","14":"tag-sports"},"share_on_mastodon":{"url":"https:\/\/pubeurope.com\/@pt\/115579359267937378","error":""},"_links":{"self":[{"href":"https:\/\/www.europesays.com\/pt\/wp-json\/wp\/v2\/posts\/158329","targetHints":{"allow":["GET"]}}],"collection":[{"href":"https:\/\/www.europesays.com\/pt\/wp-json\/wp\/v2\/posts"}],"about":[{"href":"https:\/\/www.europesays.com\/pt\/wp-json\/wp\/v2\/types\/post"}],"author":[{"embeddable":true,"href":"https:\/\/www.europesays.com\/pt\/wp-json\/wp\/v2\/users\/2"}],"replies":[{"embeddable":true,"href":"https:\/\/www.europesays.com\/pt\/wp-json\/wp\/v2\/comments?post=158329"}],"version-history":[{"count":0,"href":"https:\/\/www.europesays.com\/pt\/wp-json\/wp\/v2\/posts\/158329\/revisions"}],"wp:featuredmedia":[{"embeddable":true,"href":"https:\/\/www.europesays.com\/pt\/wp-json\/wp\/v2\/media\/158330"}],"wp:attachment":[{"href":"https:\/\/www.europesays.com\/pt\/wp-json\/wp\/v2\/media?parent=158329"}],"wp:term":[{"taxonomy":"category","embeddable":true,"href":"https:\/\/www.europesays.com\/pt\/wp-json\/wp\/v2\/categories?post=158329"},{"taxonomy":"post_tag","embeddable":true,"href":"https:\/\/www.europesays.com\/pt\/wp-json\/wp\/v2\/tags?post=158329"}],"curies":[{"name":"wp","href":"https:\/\/api.w.org\/{rel}","templated":true}]}}