{"id":158361,"date":"2025-11-20T01:57:28","date_gmt":"2025-11-20T01:57:28","guid":{"rendered":"https:\/\/www.europesays.com\/pt\/158361\/"},"modified":"2025-11-20T01:57:28","modified_gmt":"2025-11-20T01:57:28","slug":"marques-mendes-e-antonio-filipe-acentuam-divergencias-num-debate-de-criticas-e-acusacoes","status":"publish","type":"post","link":"https:\/\/www.europesays.com\/pt\/158361\/","title":{"rendered":"Marques Mendes e Ant\u00f3nio Filipe acentuam diverg\u00eancias num debate de cr\u00edticas e acusa\u00e7\u00f5es"},"content":{"rendered":"<p data-remotead-prev-elm=\"true\" data-remotead-elm-id=\"inread\">O debate desta ter\u00e7a-feira \u00e0 noite, transmitido pela SIC, confirmou aquilo que j\u00e1 se antecipava: Lu\u00eds Marques Mendes e Ant\u00f3nio Filipe partilham pouco mais do que a condi\u00e7\u00e3o de candidatos \u00e0s elei\u00e7\u00f5es presidenciais de 18 de janeiro. Em quase todos os temas, as posi\u00e7\u00f5es divergiram de forma vincada e, por vezes, com momentos de tens\u00e3o vis\u00edvel entre ambos.<\/p>\n<p>No pacote laboral, a discuss\u00e3o aqueceu logo na fase inicial. O antigo ministro social-democrata defendeu a necessidade de di\u00e1logo entre Governo, entidades patronais e UGT, sublinhando que &#8220;mexer em leis laborais tem a sua controv\u00e9rsia&#8221; mas que \u00e9 fundamental procurar pontos de encontro. Ant\u00f3nio Filipe disse, por sua vez, que quer &#8220;impedir o pacote laboral&#8221; e acusou o advers\u00e1rio de estar &#8220;do lado do Governo e n\u00e3o do lado dos trabalhadores&#8221;. A troca de argumentos levaria Marques Mendes a lembrar que se tratava de um debate presidencial e n\u00e3o legislativo, insistindo na separa\u00e7\u00e3o de pap\u00e9is.<\/p>\n<p>A pol\u00e9mica em torno das comemora\u00e7\u00f5es do 25 de Novembro tamb\u00e9m gerou confronto direto. Ant\u00f3nio Filipe reiterou que n\u00e3o estar\u00e1 presente por considerar que essas celebra\u00e7\u00f5es &#8220;s\u00e3o contra o 25 de Abril&#8221;. A posi\u00e7\u00e3o levou o ex-l\u00edder do PSD a acus\u00e1-lo de &#8220;falta de sentido de Estado&#8221; e de ser um candidato &#8220;de fa\u00e7\u00e3o&#8221;. O comunista devolveu a cr\u00edtica, garantindo: &#8220;Sou t\u00e3o de fa\u00e7\u00e3o como Marques Mendes, n\u00e3o vamos por a\u00ed.&#8221;<\/p>\n<p data-remotead-prev-elm=\"true\" data-remotead-elm-id=\"centro1\"><img decoding=\"async\" class=\"ngx-body\" guid=\"d0ca786a-83d0-4dbf-b815-c559ce234be6\" src=\"https:\/\/www.europesays.com\/pt\/wp-content\/uploads\/2025\/11\/1763603848_65_image.webp\" width=\"100%\"\/><br \/>Foto: Jos\u00e9 Fernandes\/SIC<\/p>\n<p>Pol\u00edtica externa e economia alimentam desencontros<\/p>\n<p>As diferen\u00e7as prolongaram-se para a pol\u00edtica externa, em particular sobre a guerra na Ucr\u00e2nia. Marques Mendes criticou a postura do rival, afirmando que &#8220;h\u00e1 um agressor e um agredido&#8221; e que n\u00e3o compreende a posi\u00e7\u00e3o de Ant\u00f3nio Filipe. O candidato apoiado pelo PCP reiterou que condenou &#8220;os desenvolvimentos de 2022&#8221;, defendendo que &#8220;a guerra podia e devia ter sido evitada&#8221; e que &#8220;a melhor forma de apoiar o povo ucraniano \u00e9 fazer com que a guerra termine&#8221;.<\/p>\n<p>No campo econ\u00f3mico, o social-democrata reivindicou experi\u00eancia pol\u00edtica e destacou que Portugal &#8220;cresceu pouco economicamente&#8221;, defendendo outra ambi\u00e7\u00e3o para o pa\u00eds. Ant\u00f3nio Filipe concordou com a necessidade de aumentar a produ\u00e7\u00e3o nacional, mas responsabilizou a sa\u00edda de setores estrat\u00e9gicos para m\u00e3os estrangeiras. &#8220;Temos a banca nas m\u00e3os dos espanh\u00f3is, telecomunica\u00e7\u00f5es nas m\u00e3os de v\u00e1rios pa\u00edses e agora um caso escandaloso na TAP&#8221;, alertou, reafirmando que avisaria o Governo para os riscos da privatiza\u00e7\u00e3o da companhia a\u00e9rea.<\/p>\n<p data-remotead-prev-elm=\"true\" data-remotead-elm-id=\"centro2\">A estabilidade, apontada por ambos como um dos grandes desafios do pa\u00eds, revelou leituras muito distintas. Para Marques Mendes, trata-se de estabilidade pol\u00edtica, evitando elei\u00e7\u00f5es frequentes. J\u00e1 Ant\u00f3nio Filipe referiu-se \u00e0 &#8220;estabilidade da vida das pessoas&#8221;, insistindo que o presidente tem de compreender os problemas quotidianos dos portugueses.<\/p>\n<p>Em sintonia democr\u00e1tica<\/p>\n<p>Apesar das diverg\u00eancias, houve um ponto de converg\u00eancia: a defesa da democracia e o compromisso de travar qualquer tentativa de deriva autorit\u00e1ria. Marques Mendes evocou os valores da sua candidatura (&#8220;democracia, liberdade e justi\u00e7a social&#8221;), enquanto Ant\u00f3nio Filipe lembrou que o presidente da Rep\u00fablica \u00e9 &#8220;o \u00faltimo reduto da democracia&#8221;, podendo exercer o veto ou, em casos extremos, &#8220;dissolver a democracia&#8221;, caso um Governo ponha em causa as regras fundamentais.<\/p>\n<p>O debate, moderado por Clara de Sousa, abriu com uma pergunta a Lu\u00eds Marques Mendes, sorteado para iniciar a discuss\u00e3o, e encerrou com a interven\u00e7\u00e3o final de Ant\u00f3nio Filipe. Foi apenas o segundo dos 28 debates que ir\u00e3o marcar a corrida eleitoral, mas deixou claro que os dois candidatos caminham em trilhos muito diferentes rumo a Bel\u00e9m.<\/p>\n","protected":false},"excerpt":{"rendered":"O debate desta ter\u00e7a-feira \u00e0 noite, transmitido pela SIC, confirmou aquilo que j\u00e1 se antecipava: Lu\u00eds Marques Mendes&hellip;\n","protected":false},"author":2,"featured_media":158362,"comment_status":"","ping_status":"","sticky":false,"template":"","format":"standard","meta":{"footnotes":""},"categories":[10],"tags":[27,28,15,16,14,25,26,17461,21,22,619,12,13,19,20,32,5215,1076,23,24,33,17,18,29,30,31],"class_list":{"0":"post-158361","1":"post","2":"type-post","3":"status-publish","4":"format-standard","5":"has-post-thumbnail","7":"category-portugal","8":"tag-breaking-news","9":"tag-breakingnews","10":"tag-featured-news","11":"tag-featurednews","12":"tag-headlines","13":"tag-latest-news","14":"tag-latestnews","15":"tag-luis-marques-mendes","16":"tag-main-news","17":"tag-mainnews","18":"tag-nacional","19":"tag-news","20":"tag-noticias","21":"tag-noticias-principais","22":"tag-noticiasprincipais","23":"tag-portugal","24":"tag-presidenciais","25":"tag-presidenciais-2026","26":"tag-principais-noticias","27":"tag-principaisnoticias","28":"tag-pt","29":"tag-top-stories","30":"tag-topstories","31":"tag-ultimas","32":"tag-ultimas-noticias","33":"tag-ultimasnoticias"},"share_on_mastodon":{"url":"https:\/\/pubeurope.com\/@pt\/115579548180874759","error":""},"_links":{"self":[{"href":"https:\/\/www.europesays.com\/pt\/wp-json\/wp\/v2\/posts\/158361","targetHints":{"allow":["GET"]}}],"collection":[{"href":"https:\/\/www.europesays.com\/pt\/wp-json\/wp\/v2\/posts"}],"about":[{"href":"https:\/\/www.europesays.com\/pt\/wp-json\/wp\/v2\/types\/post"}],"author":[{"embeddable":true,"href":"https:\/\/www.europesays.com\/pt\/wp-json\/wp\/v2\/users\/2"}],"replies":[{"embeddable":true,"href":"https:\/\/www.europesays.com\/pt\/wp-json\/wp\/v2\/comments?post=158361"}],"version-history":[{"count":0,"href":"https:\/\/www.europesays.com\/pt\/wp-json\/wp\/v2\/posts\/158361\/revisions"}],"wp:featuredmedia":[{"embeddable":true,"href":"https:\/\/www.europesays.com\/pt\/wp-json\/wp\/v2\/media\/158362"}],"wp:attachment":[{"href":"https:\/\/www.europesays.com\/pt\/wp-json\/wp\/v2\/media?parent=158361"}],"wp:term":[{"taxonomy":"category","embeddable":true,"href":"https:\/\/www.europesays.com\/pt\/wp-json\/wp\/v2\/categories?post=158361"},{"taxonomy":"post_tag","embeddable":true,"href":"https:\/\/www.europesays.com\/pt\/wp-json\/wp\/v2\/tags?post=158361"}],"curies":[{"name":"wp","href":"https:\/\/api.w.org\/{rel}","templated":true}]}}