{"id":158363,"date":"2025-11-20T01:59:19","date_gmt":"2025-11-20T01:59:19","guid":{"rendered":"https:\/\/www.europesays.com\/pt\/158363\/"},"modified":"2025-11-20T01:59:19","modified_gmt":"2025-11-20T01:59:19","slug":"indenizacao-por-ataque-de-odio-a-filha-de-justus-e-ana-paula-siebert-sera-doada","status":"publish","type":"post","link":"https:\/\/www.europesays.com\/pt\/158363\/","title":{"rendered":"Indeniza\u00e7\u00e3o por ataque de \u00f3dio \u00e0 filha de Justus e Ana Paula Siebert ser\u00e1 doada"},"content":{"rendered":"<p>  <img class=\"content-first-image wp-image-2601036 size-large\" loading=\"eager\" decoding=\"sync\" fetchpriority=\"high\" src=\"https:\/\/www.europesays.com\/pt\/wp-content\/uploads\/2025\/11\/familia-aciona-justica-apos-ataque-a-filha-de-roberto-justus-1300x975.jpg\" alt=\"Indeniza\u00e7\u00e3o por ataque de \u00f3dio \u00e0 filha de Justus e Ana Paula Siebert ser\u00e1 doada\" width=\"1286\" height=\"965\"  \/>Indeniza\u00e7\u00e3o por ataque de \u00f3dio \u00e0 filha de Justus e Ana Paula Siebert ser\u00e1 doadaFoto: Reprodu\u00e7\u00e3o\/Redes Sociais\/ND Mais<\/p>\n<p>A fam\u00edlia de Roberto Justus anunciou que vai doar integralmente os R$ 150 mil da indeniza\u00e7\u00e3o recebida ap\u00f3s a condena\u00e7\u00e3o de um professor que atacou, nas redes sociais, a filha ca\u00e7ula do empres\u00e1rio, Vicky Justus, com a influenciadora de <a href=\"https:\/\/ndmais.com.br\/blumenau\/\" target=\"_blank\" rel=\"noopener nofollow\">Blumenau<\/a>, Ana Paula Siebert.<\/p>\n<p>A decis\u00e3o foi comunicada por Fabiana Justus, irm\u00e3 de <a href=\"https:\/\/ndmais.com.br\/famosos\/festa-de-luxo-ana-paula-siebert-e-vicky-justus-surpreendem-com-fantasias-de-halloween-video\/\" target=\"_blank\" rel=\"noopener nofollow\">Vicky<\/a>, em uma publica\u00e7\u00e3o nas redes sociais.<\/p>\n<p>Indeniza\u00e7\u00e3o por ataque de \u00f3dio \u00e0 filha de Justus e Ana Paula Siebert ser\u00e1 doada    <\/p>\n<ul class=\"slider-galeria-de-foto-wrapper glide__slides\">\n<li id=\"galeria-slide-1\" class=\"slider-galeria-de-foto-slide glide__slide\"> <a href=\"https:\/\/static.ndmais.com.br\/2025\/10\/professor-e-condenado-por-ataque-de-odio-contra-filha-de-roberto-justus-e-ana-paula-siebert-3.jpg\" title=\"Professor \u00e9 condenado por ataque de \u00f3dio contra filha de Roberto Justus e Ana Paula Siebert - Divulga\u00e7\u00e3o\/Redes Sociais\/ND\" data-caption=\"Professor \u00e9 condenado por ataque de \u00f3dio contra filha de Roberto Justus e Ana Paula Siebert - Divulga\u00e7\u00e3o\/Redes Sociais\/ND\" id=\"zoom-gallery-2692512\" class=\"imagem-galeria\" data-fancybox=\"\" rel=\"nofollow noopener\" target=\"_blank\"> <img decoding=\"async\" width=\"800\" height=\"467\" src=\"https:\/\/www.europesays.com\/pt\/wp-content\/uploads\/2025\/11\/professor-e-condenado-por-ataque-de-odio-contra-filha-de-roberto-justus-e-ana-paula-siebert-3-800x46.jpeg\" class=\"\" alt=\"Professor \u00e9 condenado por ataque de \u00f3dio contra filha de Roberto Justus e Ana Paula Siebert - Divulga\u00e7\u00e3o\/Redes Sociais\/ND\" loading=\"lazy\"  \/> <\/a>  Professor \u00e9 condenado por ataque de \u00f3dio contra filha de Roberto Justus e Ana Paula Siebert &#8211; Divulga\u00e7\u00e3o\/Redes Sociais\/ND\n<p> Foto 1 de 5 <\/p>\n<\/li>\n<li id=\"galeria-slide-2\" class=\"slider-galeria-de-foto-slide glide__slide\"> <a href=\"https:\/\/static.ndmais.com.br\/2025\/10\/professor-e-condenado-por-ataque-de-odio-contra-filha-de-roberto-justus-e-ana-paula-siebert-1.jpg\" title=\"Roberto Justus, Ana Paula Siebert e a filha Vicky Justus - Divulga\u00e7\u00e3o\/Redes Sociais\/ND\" data-caption=\"Roberto Justus, Ana Paula Siebert e a filha Vicky Justus - Divulga\u00e7\u00e3o\/Redes Sociais\/ND\" id=\"zoom-gallery-2692516\" class=\"imagem-galeria\" data-fancybox=\"\" rel=\"nofollow noopener\" target=\"_blank\"> <img decoding=\"async\" width=\"800\" height=\"467\" src=\"https:\/\/www.europesays.com\/pt\/wp-content\/uploads\/2025\/11\/professor-e-condenado-por-ataque-de-odio-contra-filha-de-roberto-justus-e-ana-paula-siebert-1-800x46.jpeg\" class=\"\" alt=\"Roberto Justus, Ana Paula Siebert e a filha Vicky Justus - Divulga\u00e7\u00e3o\/Redes Sociais\/ND\" loading=\"lazy\"  \/> <\/a>  Roberto Justus, Ana Paula Siebert e a filha Vicky Justus &#8211; Divulga\u00e7\u00e3o\/Redes Sociais\/ND\n<p> Foto 2 de 5 <\/p>\n<\/li>\n<li id=\"galeria-slide-3\" class=\"slider-galeria-de-foto-slide glide__slide\"> <a href=\"https:\/\/static.ndmais.com.br\/2025\/09\/filha-de-5-anos-de-roberto-justus-com-ana-paula-siebert-comeca-a-empreender-para-realizar-sonho-2-1300x975.jpg\" title=\"Vicky Justus - Reprodu\u00e7\u00e3o\/Redes Sociais\/ND.\" data-caption=\"Vicky Justus - Reprodu\u00e7\u00e3o\/Redes Sociais\/ND.\" id=\"zoom-gallery-2666034\" class=\"imagem-galeria\" data-fancybox=\"\" rel=\"nofollow noopener\" target=\"_blank\"> <img decoding=\"async\" width=\"800\" height=\"600\" src=\"https:\/\/www.europesays.com\/pt\/wp-content\/uploads\/2025\/11\/filha-de-5-anos-de-roberto-justus-com-ana-paula-siebert-comeca-a-empreender-para-realizar-sonho-2-80.jpeg\" class=\"\" alt=\"Vicky Justus - Reprodu\u00e7\u00e3o\/Redes Sociais\/ND.\" loading=\"lazy\"  \/> <\/a>  Vicky Justus &#8211; Reprodu\u00e7\u00e3o\/Redes Sociais\/ND.\n<p> Foto 3 de 5 <\/p>\n<\/li>\n<li id=\"galeria-slide-4\" class=\"slider-galeria-de-foto-slide glide__slide\"> <a href=\"https:\/\/static.ndmais.com.br\/2025\/09\/filha-de-5-anos-de-roberto-justus-com-ana-paula-siebert-comeca-a-empreender-para-realizar-sonho-3-1300x975.jpg\" title=\"Ana Paula Siebert e a filha Vicky - Reprodu\u00e7\u00e3o\/Redes Sociais\/ND.\" data-caption=\"Ana Paula Siebert e a filha Vicky - Reprodu\u00e7\u00e3o\/Redes Sociais\/ND.\" id=\"zoom-gallery-2666033\" class=\"imagem-galeria\" data-fancybox=\"\" rel=\"nofollow noopener\" target=\"_blank\"> <img decoding=\"async\" width=\"800\" height=\"600\" src=\"https:\/\/www.europesays.com\/pt\/wp-content\/uploads\/2025\/11\/filha-de-5-anos-de-roberto-justus-com-ana-paula-siebert-comeca-a-empreender-para-realizar-sonho-3-80.jpeg\" class=\"\" alt=\"Ana Paula Siebert e a filha Vicky - Reprodu\u00e7\u00e3o\/Redes Sociais\/ND.\" loading=\"lazy\"  \/> <\/a>  Ana Paula Siebert e a filha Vicky &#8211; Reprodu\u00e7\u00e3o\/Redes Sociais\/ND.\n<p> Foto 4 de 5 <\/p>\n<\/li>\n<li id=\"galeria-slide-5\" class=\"slider-galeria-de-foto-slide glide__slide\"> <a href=\"https:\/\/static.ndmais.com.br\/2025\/09\/filha-de-5-anos-de-roberto-justus-com-ana-paula-siebert-comeca-a-empreender-para-realizar-sonho-4-1300x975.jpg\" title=\"Roberto Justus, Ana Paula Siebert e a filha Vicky - Reprodu\u00e7\u00e3o\/Redes Sociais\/ND.\" data-caption=\"Roberto Justus, Ana Paula Siebert e a filha Vicky - Reprodu\u00e7\u00e3o\/Redes Sociais\/ND.\" id=\"zoom-gallery-2666032\" class=\"imagem-galeria\" data-fancybox=\"\" rel=\"nofollow noopener\" target=\"_blank\"> <img decoding=\"async\" width=\"800\" height=\"600\" src=\"https:\/\/www.europesays.com\/pt\/wp-content\/uploads\/2025\/11\/filha-de-5-anos-de-roberto-justus-com-ana-paula-siebert-comeca-a-empreender-para-realizar-sonho-4-80.jpeg\" class=\"\" alt=\"Roberto Justus, Ana Paula Siebert e a filha Vicky - Reprodu\u00e7\u00e3o\/Redes Sociais\/ND.\" loading=\"lazy\"  \/> <\/a>  Roberto Justus, Ana Paula Siebert e a filha Vicky &#8211; Reprodu\u00e7\u00e3o\/Redes Sociais\/ND.\n<p> Foto 5 de 5 <\/p>\n<\/li>\n<\/ul>\n<p>A revela\u00e7\u00e3o foi feita por Fabiana ap\u00f3s um internauta comentar que achava injusto um professor ter que pagar 100k para Justus, por uma fala \u2018mal interpretada\u2019. Fabiana ressaltou que a internet n\u00e3o \u00e9 terra sem lei e que n\u00e3o h\u00e1 nada que justifique o que o professor disse contra uma crian\u00e7a.<\/p>\n<p><a class=\"cta-discover d-flex justify-content-between align-items-center w-100\" target=\"_blank\" rel=\"nofollow noopner noopener\" href=\"https:\/\/profile.google.com\/cp\/Cg0vZy8xMXZ5cjY4NHho\">   Fa\u00e7a como milh\u00f5es de leitores informados: siga o ND Mais no Google.  Seguir<\/a> <img class=\"wp-image-2722664 size-full\" loading=\"lazy\" decoding=\"async\" src=\"https:\/\/www.europesays.com\/pt\/wp-content\/uploads\/2025\/11\/indenizacao-por-ataque-de-odio-a-filha-de-justus-e-ana-paula-siebert-sera-doada.jpg\" alt=\"Indeniza\u00e7\u00e3o por ataque de \u00f3dio \u00e0 filha de Justus e Ana Paula Siebert ser\u00e1 doada\" width=\"1200\" height=\"700\"  \/>Print da conversa nas redes sociais Foto: Reprodu\u00e7\u00e3o\/Redes Sociais\/ND MaisEntenda o caso<\/p>\n<p>O processo teve in\u00edcio ap\u00f3s ataques nas redes sociais contra a filha do casal, em 4 de julho deste ano. A onda de <a href=\"https:\/\/ndmais.com.br\/justica\/familia-aciona-justica-apos-ataque-a-filha-de-roberto-justus\/\" target=\"_blank\" rel=\"noopener nofollow\">mensagens violentas<\/a> come\u00e7ou depois da publica\u00e7\u00e3o de uma foto em que Vicky aparece segurando uma bolsa de grife avaliada em cerca de R$ 14 mil.<\/p>\n<p>Entre os coment\u00e1rios ofensivos no post, o professor Marcos Dantas fez uma postagem mencionando o uso de \u201cguilhotina\u201d contra a menina, de 5 anos.<\/p>\n<p>Diante das declara\u00e7\u00f5es, Roberto Justus e <a href=\"https:\/\/ndmais.com.br\/economia\/ana-paula-siebert-diz-que-ricos-sofrem-preconceito-no-brasil\/\" target=\"_blank\" rel=\"noopener nofollow\">Ana Paula Siebert<\/a> ingressaram com uma a\u00e7\u00e3o por danos morais, pedindo R$ 300 mil de indeniza\u00e7\u00e3o contra cada um dos r\u00e9us, totalizando R$ 600 mil.<\/p>\n<p>A Justi\u00e7a, por\u00e9m, fixou o valor da condena\u00e7\u00e3o do professor em R$ 150 mil, R$ 50 mil por autor da a\u00e7\u00e3o. A senten\u00e7a \u00e9 de primeira inst\u00e2ncia e ainda cabe recurso.<\/p>\n<p>*Com informa\u00e7\u00f5es do Metr\u00f3poles.<\/p>\n","protected":false},"excerpt":{"rendered":"Indeniza\u00e7\u00e3o por ataque de \u00f3dio \u00e0 filha de Justus e Ana Paula Siebert ser\u00e1 doadaFoto: Reprodu\u00e7\u00e3o\/Redes Sociais\/ND Mais&hellip;\n","protected":false},"author":2,"featured_media":158364,"comment_status":"","ping_status":"","sticky":false,"template":"","format":"standard","meta":{"footnotes":""},"categories":[145],"tags":[7448,726,211,210,114,115,980,1968,2250,32,33],"class_list":{"0":"post-158363","1":"post","2":"type-post","3":"status-publish","4":"format-standard","5":"has-post-thumbnail","7":"category-celebridades","8":"tag-blumenau","9":"tag-brasil","10":"tag-celebridades","11":"tag-celebrities","12":"tag-entertainment","13":"tag-entretenimento","14":"tag-famosos","15":"tag-notcia","16":"tag-notcia-santa-catarina","17":"tag-portugal","18":"tag-pt"},"share_on_mastodon":{"url":"https:\/\/pubeurope.com\/@pt\/115579556115660867","error":""},"_links":{"self":[{"href":"https:\/\/www.europesays.com\/pt\/wp-json\/wp\/v2\/posts\/158363","targetHints":{"allow":["GET"]}}],"collection":[{"href":"https:\/\/www.europesays.com\/pt\/wp-json\/wp\/v2\/posts"}],"about":[{"href":"https:\/\/www.europesays.com\/pt\/wp-json\/wp\/v2\/types\/post"}],"author":[{"embeddable":true,"href":"https:\/\/www.europesays.com\/pt\/wp-json\/wp\/v2\/users\/2"}],"replies":[{"embeddable":true,"href":"https:\/\/www.europesays.com\/pt\/wp-json\/wp\/v2\/comments?post=158363"}],"version-history":[{"count":0,"href":"https:\/\/www.europesays.com\/pt\/wp-json\/wp\/v2\/posts\/158363\/revisions"}],"wp:featuredmedia":[{"embeddable":true,"href":"https:\/\/www.europesays.com\/pt\/wp-json\/wp\/v2\/media\/158364"}],"wp:attachment":[{"href":"https:\/\/www.europesays.com\/pt\/wp-json\/wp\/v2\/media?parent=158363"}],"wp:term":[{"taxonomy":"category","embeddable":true,"href":"https:\/\/www.europesays.com\/pt\/wp-json\/wp\/v2\/categories?post=158363"},{"taxonomy":"post_tag","embeddable":true,"href":"https:\/\/www.europesays.com\/pt\/wp-json\/wp\/v2\/tags?post=158363"}],"curies":[{"name":"wp","href":"https:\/\/api.w.org\/{rel}","templated":true}]}}