{"id":158365,"date":"2025-11-20T02:02:14","date_gmt":"2025-11-20T02:02:14","guid":{"rendered":"https:\/\/www.europesays.com\/pt\/158365\/"},"modified":"2025-11-20T02:02:14","modified_gmt":"2025-11-20T02:02:14","slug":"casa-dos-segredos-filhas-de-vera-acompanhadas-por-psicologo-elas-estao-sempre-a","status":"publish","type":"post","link":"https:\/\/www.europesays.com\/pt\/158365\/","title":{"rendered":"Casa dos Segredos &#8211; Filhas de Vera acompanhadas por psic\u00f3logo: &#8220;Elas est\u00e3o sempre a&#8230;&#8221;"},"content":{"rendered":"<p><strong>Vera<\/strong>, que se tornou conhecida devido \u00e0 participa\u00e7\u00e3o na atual edi\u00e7\u00e3o da <strong>Casa dos Segredos<\/strong>, viu a sua passagem pelo reality marcada por uma grande pol\u00e9mica: <strong>foi expulsa pelo Soberano ap\u00f3s agredir <\/strong><a href=\"https:\/\/www.novagente.pt\/casa-dos-segredos-familia-de-dylan-nao-poupa-tvi-culpa-de-vera-se-fosse-expulso-por-agredir-alguem\" rel=\"nofollow noopener\" target=\"_blank\"><strong><strong>Dyla<\/strong>n<\/strong><\/a>. A verdade \u00e9 que, desde ent\u00e3o,\u00a0a assistente dent\u00e1ria tem tido a agenda cheia entre jantares com ex-colegas, presen\u00e7as em espa\u00e7os noturnos e participa\u00e7\u00f5es em<a href=\"https:\/\/www.novagente.pt\/casa-dos-segredos-saiba-quanto-recebeu-vera-por-comentar-no-diario\" rel=\"nofollow noopener\" target=\"_blank\"> programas de televis\u00e3o<\/a>.<\/p>\n<p>Mas h\u00e1 prioridades que n\u00e3o se podem adiar. Em entrevista \u00e0 revista TV Guia, a jovem revelou que pretende deixar de marcar presen\u00e7a nas galas para dedicar mais tempo \u00e0s duas filhas, que est\u00e3o a receber acompanhamento psicol\u00f3gico nesta fase de mudan\u00e7a na vida da fam\u00edlia.<\/p>\n<blockquote>\n<p><strong>Leia ainda: <\/strong>Casa dos Segredos &#8211; <a href=\"https:\/\/www.novagente.pt\/casa-dos-segredos-cometi-um-erro-vera-pede-desculpa-apos-partilhar-conteudo-polemico\" rel=\"nofollow noopener\" target=\"_blank\">&#8220;Cometi um erro&#8221;. Vera pede desculpa ap\u00f3s partilhar conte\u00fado &#8216;pol\u00e9mico&#8217;<\/a><\/p>\n<\/blockquote>\n<p>&#8220;Est\u00e3o elas e eu. Vamos uma vez por semana. Al\u00e9m disso elas est\u00e3o sempre a ser vigiadas. Tenho quem as pode acompanhar sempre que eu n\u00e3o consigo estar, al\u00e9m do pai delas&#8221;, deu conta.<\/p>\n<p>Bruna Gomes fala sobre Casa dos Segredos\u00a0<\/p>\n<p>Texto: Beatriz Soares; Fotos: Arquivo Impala e Redes Sociais.\u00a0<\/p>\n<p class=\"intagram-text\">Siga a Nova Gente no Instagram<\/p>\n<p>                        <a href=\"https:\/\/www.instagram.com\/revistanovagente\/\" target=\"_blank\" aria-label=\"instagram\" rel=\"noopener nofollow\"><img decoding=\"async\" style=\"display: block; margin-left: auto; margin-right: auto; width: 250px; height: 83px;\" src=\"https:\/\/www.europesays.com\/pt\/wp-content\/uploads\/2025\/11\/Instagram_NG.png\" alt=\"instagram\"\/><\/a><br \/>\n                    <script async src=\"\/\/www.instagram.com\/embed.js\"><\/script><\/p>\n","protected":false},"excerpt":{"rendered":"Vera, que se tornou conhecida devido \u00e0 participa\u00e7\u00e3o na atual edi\u00e7\u00e3o da Casa dos Segredos, viu a sua&hellip;\n","protected":false},"author":2,"featured_media":158366,"comment_status":"","ping_status":"","sticky":false,"template":"","format":"standard","meta":{"footnotes":""},"categories":[142],"tags":[2632,166,19105,114,115,15353,32,33,151,162,11841],"class_list":{"0":"post-158365","1":"post","2":"type-post","3":"status-publish","4":"format-standard","5":"has-post-thumbnail","7":"category-tv","8":"tag-casa-dos-segredos","9":"tag-cristina-ferreira","10":"tag-dylan","11":"tag-entertainment","12":"tag-entretenimento","13":"tag-ines","14":"tag-portugal","15":"tag-pt","16":"tag-tv","17":"tag-tvi","18":"tag-vera"},"share_on_mastodon":{"url":"https:\/\/pubeurope.com\/@pt\/115579567848952812","error":""},"_links":{"self":[{"href":"https:\/\/www.europesays.com\/pt\/wp-json\/wp\/v2\/posts\/158365","targetHints":{"allow":["GET"]}}],"collection":[{"href":"https:\/\/www.europesays.com\/pt\/wp-json\/wp\/v2\/posts"}],"about":[{"href":"https:\/\/www.europesays.com\/pt\/wp-json\/wp\/v2\/types\/post"}],"author":[{"embeddable":true,"href":"https:\/\/www.europesays.com\/pt\/wp-json\/wp\/v2\/users\/2"}],"replies":[{"embeddable":true,"href":"https:\/\/www.europesays.com\/pt\/wp-json\/wp\/v2\/comments?post=158365"}],"version-history":[{"count":0,"href":"https:\/\/www.europesays.com\/pt\/wp-json\/wp\/v2\/posts\/158365\/revisions"}],"wp:featuredmedia":[{"embeddable":true,"href":"https:\/\/www.europesays.com\/pt\/wp-json\/wp\/v2\/media\/158366"}],"wp:attachment":[{"href":"https:\/\/www.europesays.com\/pt\/wp-json\/wp\/v2\/media?parent=158365"}],"wp:term":[{"taxonomy":"category","embeddable":true,"href":"https:\/\/www.europesays.com\/pt\/wp-json\/wp\/v2\/categories?post=158365"},{"taxonomy":"post_tag","embeddable":true,"href":"https:\/\/www.europesays.com\/pt\/wp-json\/wp\/v2\/tags?post=158365"}],"curies":[{"name":"wp","href":"https:\/\/api.w.org\/{rel}","templated":true}]}}