{"id":158369,"date":"2025-11-20T02:14:18","date_gmt":"2025-11-20T02:14:18","guid":{"rendered":"https:\/\/www.europesays.com\/pt\/158369\/"},"modified":"2025-11-20T02:14:18","modified_gmt":"2025-11-20T02:14:18","slug":"isabel-figueira-posa-ao-lado-de-celebridade-mundial-veja-a-imagem","status":"publish","type":"post","link":"https:\/\/www.europesays.com\/pt\/158369\/","title":{"rendered":"Isabel Figueira posa ao lado de celebridade mundial: veja a imagem!"},"content":{"rendered":"<p><a href=\"https:\/\/selfie.iol.pt\/famosos\/isabel-figueira\/filho-de-isabel-figueira-e-cesar-peixoto-deixa-atriz-lavada-em-lagrimas\/20251024\/68fb6070d34e58bc679743fd\" target=\"_blank\" rel=\"nofollow noopener\">Isabel Figueira<\/a> esteve presente na inaugura\u00e7\u00e3o de uma loja de rel\u00f3gios de luxo, na Avenida da Liberdade, em Lisboa, e cruzou-se com o embaixador da marca,\u00a0<a href=\"https:\/\/selfie.iol.pt\/internacional\/instagram\/lembra-se-do-professor-de-la-casa-de-papel-ator-surge-irreconhecivel\" target=\"_blank\" rel=\"nofollow noopener\">\u00c1lvaro Morte<\/a>.<\/p>\n<p>A atriz e comentadora teve a oportunidade de tirar uma fotografia com o ator espanhol, que ficou conhecido mundialmente depois de interpretar a personagem &#8220;Professor&#8221; da ic\u00f3nica s\u00e9rie da Netflix &#8220;Casa de Papel&#8221;.<\/p>\n<p>Veja, agora, a imagem.<\/p>\n<blockquote class=\"instagram-media\" data-instgrm-captioned=\"\" data-instgrm-permalink=\"https:\/\/www.instagram.com\/p\/DRNWkaVjIhm\/?utm_source=ig_embed&amp;utm_campaign=loading\" data-instgrm-version=\"14\" style=\" background:#FFF; border:0; border-radius:3px; box-shadow:0 0 1px 0 rgba(0,0,0,0.5),0 1px 10px 0 rgba(0,0,0,0.15); margin: 1px; max-width:540px; min-width:326px; padding:0; width:99.375%; width:-webkit-calc(100% - 2px); width:calc(100% - 2px);\">\n<\/blockquote>\n<p>\u00a0<\/p>\n<p>                        <script async src=\"\/\/www.instagram.com\/embed.js\"><\/script><\/p>\n","protected":false},"excerpt":{"rendered":"Isabel Figueira esteve presente na inaugura\u00e7\u00e3o de uma loja de rel\u00f3gios de luxo, na Avenida da Liberdade, em&hellip;\n","protected":false},"author":2,"featured_media":158370,"comment_status":"","ping_status":"","sticky":false,"template":"","format":"standard","meta":{"footnotes":""},"categories":[145],"tags":[33847,211,210,114,115,980,1015,23132,19287,619,716,32,14755,33,1014,548,1315,1012,162,8560],"class_list":{"0":"post-158369","1":"post","2":"type-post","3":"status-publish","4":"format-standard","5":"has-post-thumbnail","7":"category-celebridades","8":"tag-alvaro-morte","9":"tag-celebridades","10":"tag-celebrities","11":"tag-entertainment","12":"tag-entretenimento","13":"tag-famosos","14":"tag-instagram","15":"tag-isabel-figueira","16":"tag-la-casa-de-papel","17":"tag-nacional","18":"tag-netflix","19":"tag-portugal","20":"tag-professor","21":"tag-pt","22":"tag-reality-show","23":"tag-redes-sociais","24":"tag-secret-story","25":"tag-selfie","26":"tag-tvi","27":"tag-vmais-fama"},"share_on_mastodon":{"url":"https:\/\/pubeurope.com\/@pt\/115579614842564637","error":""},"_links":{"self":[{"href":"https:\/\/www.europesays.com\/pt\/wp-json\/wp\/v2\/posts\/158369","targetHints":{"allow":["GET"]}}],"collection":[{"href":"https:\/\/www.europesays.com\/pt\/wp-json\/wp\/v2\/posts"}],"about":[{"href":"https:\/\/www.europesays.com\/pt\/wp-json\/wp\/v2\/types\/post"}],"author":[{"embeddable":true,"href":"https:\/\/www.europesays.com\/pt\/wp-json\/wp\/v2\/users\/2"}],"replies":[{"embeddable":true,"href":"https:\/\/www.europesays.com\/pt\/wp-json\/wp\/v2\/comments?post=158369"}],"version-history":[{"count":0,"href":"https:\/\/www.europesays.com\/pt\/wp-json\/wp\/v2\/posts\/158369\/revisions"}],"wp:featuredmedia":[{"embeddable":true,"href":"https:\/\/www.europesays.com\/pt\/wp-json\/wp\/v2\/media\/158370"}],"wp:attachment":[{"href":"https:\/\/www.europesays.com\/pt\/wp-json\/wp\/v2\/media?parent=158369"}],"wp:term":[{"taxonomy":"category","embeddable":true,"href":"https:\/\/www.europesays.com\/pt\/wp-json\/wp\/v2\/categories?post=158369"},{"taxonomy":"post_tag","embeddable":true,"href":"https:\/\/www.europesays.com\/pt\/wp-json\/wp\/v2\/tags?post=158369"}],"curies":[{"name":"wp","href":"https:\/\/api.w.org\/{rel}","templated":true}]}}